{"id":1069,"date":"2016-10-18T18:20:55","date_gmt":"2016-10-18T18:20:55","guid":{"rendered":"http:\/\/www.fondationchopin.org\/?p=1069"},"modified":"2026-04-03T14:37:46","modified_gmt":"2026-04-03T14:37:46","slug":"eliane-reyes-vif-lexpress-septembre-2016","status":"publish","type":"post","link":"https:\/\/www.fondationchopin.org\/de\/index.php\/eliane-reyes-vif-lexpress-septembre-2016\/","title":{"rendered":"Eliane Reyes &#8211; le vif l&#8217;express &#8211; septembre 2016"},"content":{"rendered":"<p>T\u00e9l\u00e9chargez le pdf du portrait que\u00a0le vif l&#8217;express \u00e0 consacr\u00e9 \u00e0 Eliane Reyes \u00a0dans leur NUM\u00c9RO 36 \u2022 09.09.2016<\/p>\n<p><a href=\"http:\/\/www.fondationchopin.org\/wp-content\/uploads\/2016\/10\/Eliane-Reyes-le-vif-lexpress-septembre-2016.pdf\"> OUVRIR L&#8217;ARTICLE <\/a><\/p>\n","protected":false},"excerpt":{"rendered":"<p>T\u00e9l\u00e9chargez le pdf du portrait que\u00a0le vif l&#8217;express \u00e0 consacr\u00e9 \u00e0 Eliane Reyes \u00a0dans leur NUM\u00c9RO 36 \u2022 09.09.2016 OUVRIR L&#8217;ARTICLE<\/p>\n","protected":false},"author":8,"featured_media":0,"comment_status":"open","ping_status":"open","sticky":false,"template":"","format":"standard","meta":[],"categories":[31],"tags":[],"_links":{"self":[{"href":"https:\/\/www.fondationchopin.org\/de\/index.php\/wp-json\/wp\/v2\/posts\/1069"}],"collection":[{"href":"https:\/\/www.fondationchopin.org\/de\/index.php\/wp-json\/wp\/v2\/posts"}],"about":[{"href":"https:\/\/www.fondationchopin.org\/de\/index.php\/wp-json\/wp\/v2\/types\/post"}],"author":[{"embeddable":true,"href":"https:\/\/www.fondationchopin.org\/de\/index.php\/wp-json\/wp\/v2\/users\/8"}],"replies":[{"embeddable":true,"href":"https:\/\/www.fondationchopin.org\/de\/index.php\/wp-json\/wp\/v2\/comments?post=1069"}],"version-history":[{"count":5,"href":"https:\/\/www.fondationchopin.org\/de\/index.php\/wp-json\/wp\/v2\/posts\/1069\/revisions"}],"predecessor-version":[{"id":1072,"href":"https:\/\/www.fondationchopin.org\/de\/index.php\/wp-json\/wp\/v2\/posts\/1069\/revisions\/1072"}],"wp:attachment":[{"href":"https:\/\/www.fondationchopin.org\/de\/index.php\/wp-json\/wp\/v2\/media?parent=1069"}],"wp:term":[{"taxonomy":"category","embeddable":true,"href":"https:\/\/www.fondationchopin.org\/de\/index.php\/wp-json\/wp\/v2\/categories?post=1069"},{"taxonomy":"post_tag","embeddable":true,"href":"https:\/\/www.fondationchopin.org\/de\/index.php\/wp-json\/wp\/v2\/tags?post=1069"}],"curies":[{"name":"wp","href":"https:\/\/api.w.org\/{rel}","templated":true}]}}