{"id":198,"date":"2012-01-31T11:20:48","date_gmt":"2012-01-31T11:20:48","guid":{"rendered":"http:\/\/127.0.0.1\/Chopin\/?p=198"},"modified":"2012-01-31T11:20:48","modified_gmt":"2012-01-31T11:20:48","slug":"22-fevrier-2002-recital-de-piano-maitre-jean-claude-vanden-eynden-chateau-de-la-hulpe","status":"publish","type":"post","link":"https:\/\/www.fondationchopin.org\/de\/index.php\/22-fevrier-2002-recital-de-piano-maitre-jean-claude-vanden-eynden-chateau-de-la-hulpe\/","title":{"rendered":"22 f\u00e9vrier 2002 &#8211; R\u00e9cital de piano &#8211; Ma\u00eetre Jean-Claude Vanden Eynden &#8211; Ch\u00e2teau de la Hulpe"},"content":{"rendered":"<p>22 f\u00e9vrier 2002 &#8211; Ch\u00e2teau de la Hulpe<br \/>\nR\u00e9cital de piano<br \/>\npar Ma\u00eetre Jean-Claude Vanden Eynden<\/p>\n<p>&nbsp;<\/p>\n","protected":false},"excerpt":{"rendered":"<p>22 f\u00e9vrier 2002 &#8211; Ch\u00e2teau de la Hulpe R\u00e9cital de piano par Ma\u00eetre Jean-Claude Vanden Eynden &nbsp;<\/p>\n","protected":false},"author":8,"featured_media":0,"comment_status":"open","ping_status":"open","sticky":false,"template":"","format":"standard","meta":[],"categories":[5],"tags":[],"_links":{"self":[{"href":"https:\/\/www.fondationchopin.org\/de\/index.php\/wp-json\/wp\/v2\/posts\/198"}],"collection":[{"href":"https:\/\/www.fondationchopin.org\/de\/index.php\/wp-json\/wp\/v2\/posts"}],"about":[{"href":"https:\/\/www.fondationchopin.org\/de\/index.php\/wp-json\/wp\/v2\/types\/post"}],"author":[{"embeddable":true,"href":"https:\/\/www.fondationchopin.org\/de\/index.php\/wp-json\/wp\/v2\/users\/8"}],"replies":[{"embeddable":true,"href":"https:\/\/www.fondationchopin.org\/de\/index.php\/wp-json\/wp\/v2\/comments?post=198"}],"version-history":[{"count":0,"href":"https:\/\/www.fondationchopin.org\/de\/index.php\/wp-json\/wp\/v2\/posts\/198\/revisions"}],"wp:attachment":[{"href":"https:\/\/www.fondationchopin.org\/de\/index.php\/wp-json\/wp\/v2\/media?parent=198"}],"wp:term":[{"taxonomy":"category","embeddable":true,"href":"https:\/\/www.fondationchopin.org\/de\/index.php\/wp-json\/wp\/v2\/categories?post=198"},{"taxonomy":"post_tag","embeddable":true,"href":"https:\/\/www.fondationchopin.org\/de\/index.php\/wp-json\/wp\/v2\/tags?post=198"}],"curies":[{"name":"wp","href":"https:\/\/api.w.org\/{rel}","templated":true}]}}