{"id":2150,"date":"2023-04-20T13:28:05","date_gmt":"2023-04-20T13:28:05","guid":{"rendered":"https:\/\/www.fondationchopin.org\/?p=2150"},"modified":"2023-04-20T14:53:15","modified_gmt":"2023-04-20T14:53:15","slug":"bepolux-remise-de-prix-par-le-president-wibo","status":"publish","type":"post","link":"https:\/\/www.fondationchopin.org\/de\/index.php\/bepolux-remise-de-prix-par-le-president-wibo\/","title":{"rendered":"Bepolux remise de prix par le president Wibo"},"content":{"rendered":"<p>A l\u2019occasion de la remise des prix de Bepolux \u00e0 des entrepreneurs belgo-polonais le Pr\u00e9sident Wibo a offert lors de la r\u00e9ception du 22 d\u00e9cembre 2022 un mini concert d\u00e9di\u00e9 \u00e0 F.Chopin interpr\u00e9t\u00e9 par nos jeunes \u00ab\u00a0Laur\u00e9at Fondation Stichting Chopin 2019 et 2014\u00a0\u00bb Joanna Staruch Smolec et Kryzstof Potochnik.<\/p>\n<p style=\"text-align: center;\"><a href=\"https:\/\/www.fondationchopin.org\/wp-content\/uploads\/2023\/04\/IMG_8193.jpg\"><img loading=\"lazy\" class=\"aligncenter wp-image-2214 size-medium\" src=\"https:\/\/www.fondationchopin.org\/wp-content\/uploads\/2023\/04\/IMG_8193-300x225.jpg\" alt=\"\" width=\"300\" height=\"225\" srcset=\"https:\/\/www.fondationchopin.org\/wp-content\/uploads\/2023\/04\/IMG_8193-300x225.jpg 300w, https:\/\/www.fondationchopin.org\/wp-content\/uploads\/2023\/04\/IMG_8193.jpg 640w\" sizes=\"(max-width: 300px) 100vw, 300px\" \/><\/a><\/p>\n<p style=\"text-align: center;\"><a href=\"https:\/\/www.fondationchopin.org\/wp-content\/uploads\/2023\/04\/IMG_8138-rotated.jpg\"><img loading=\"lazy\" class=\"aligncenter wp-image-2215 size-medium\" src=\"https:\/\/www.fondationchopin.org\/wp-content\/uploads\/2023\/04\/IMG_8138-225x300.jpg\" alt=\"\" width=\"225\" height=\"300\" srcset=\"https:\/\/www.fondationchopin.org\/wp-content\/uploads\/2023\/04\/IMG_8138-225x300.jpg 225w, https:\/\/www.fondationchopin.org\/wp-content\/uploads\/2023\/04\/IMG_8138-rotated.jpg 480w\" sizes=\"(max-width: 225px) 100vw, 225px\" \/><\/a><\/p>\n<p style=\"text-align: center;\">\n<div style=\"width: 640px;\" class=\"wp-video\"><!--[if lt IE 9]><script>document.createElement('video');<\/script><![endif]-->\n<video class=\"wp-video-shortcode\" id=\"video-2150-1\" width=\"640\" height=\"352\" preload=\"metadata\" controls=\"controls\"><source type=\"video\/quicktime\" src=\"https:\/\/www.fondationchopin.org\/wp-content\/uploads\/2023\/04\/IMG_8140.mov?_=1\" \/><source type=\"video\/quicktime\" src=\"https:\/\/www.fondationchopin.org\/wp-content\/uploads\/2023\/04\/IMG_8140.mov?_=1\" \/><a href=\"https:\/\/www.fondationchopin.org\/wp-content\/uploads\/2023\/04\/IMG_8140.mov\">https:\/\/www.fondationchopin.org\/wp-content\/uploads\/2023\/04\/IMG_8140.mov<\/a><\/video><\/div><\/p>\n","protected":false},"excerpt":{"rendered":"<p>A l\u2019occasion de la remise des prix de Bepolux \u00e0 des entrepreneurs belgo-polonais le Pr\u00e9sident Wibo a offert lors de la r\u00e9ception du 22 d\u00e9cembre 2022 un mini concert d\u00e9di\u00e9 \u00e0 F.Chopin interpr\u00e9t\u00e9 par nos jeunes \u00ab\u00a0Laur\u00e9at Fondation Stichting Chopin 2019 et 2014\u00a0\u00bb Joanna Staruch Smolec et Kryzstof Potochnik.<\/p>\n","protected":false},"author":9,"featured_media":0,"comment_status":"open","ping_status":"open","sticky":false,"template":"","format":"standard","meta":[],"categories":[5],"tags":[],"_links":{"self":[{"href":"https:\/\/www.fondationchopin.org\/de\/index.php\/wp-json\/wp\/v2\/posts\/2150"}],"collection":[{"href":"https:\/\/www.fondationchopin.org\/de\/index.php\/wp-json\/wp\/v2\/posts"}],"about":[{"href":"https:\/\/www.fondationchopin.org\/de\/index.php\/wp-json\/wp\/v2\/types\/post"}],"author":[{"embeddable":true,"href":"https:\/\/www.fondationchopin.org\/de\/index.php\/wp-json\/wp\/v2\/users\/9"}],"replies":[{"embeddable":true,"href":"https:\/\/www.fondationchopin.org\/de\/index.php\/wp-json\/wp\/v2\/comments?post=2150"}],"version-history":[{"count":10,"href":"https:\/\/www.fondationchopin.org\/de\/index.php\/wp-json\/wp\/v2\/posts\/2150\/revisions"}],"predecessor-version":[{"id":2451,"href":"https:\/\/www.fondationchopin.org\/de\/index.php\/wp-json\/wp\/v2\/posts\/2150\/revisions\/2451"}],"wp:attachment":[{"href":"https:\/\/www.fondationchopin.org\/de\/index.php\/wp-json\/wp\/v2\/media?parent=2150"}],"wp:term":[{"taxonomy":"category","embeddable":true,"href":"https:\/\/www.fondationchopin.org\/de\/index.php\/wp-json\/wp\/v2\/categories?post=2150"},{"taxonomy":"post_tag","embeddable":true,"href":"https:\/\/www.fondationchopin.org\/de\/index.php\/wp-json\/wp\/v2\/tags?post=2150"}],"curies":[{"name":"wp","href":"https:\/\/api.w.org\/{rel}","templated":true}]}}