{"id":221,"date":"2012-01-31T12:18:14","date_gmt":"2012-01-31T12:18:14","guid":{"rendered":"http:\/\/127.0.0.1\/Chopin\/?p=221"},"modified":"2015-11-25T16:17:42","modified_gmt":"2015-11-25T16:17:42","slug":"03-mai-2007-recital-de-piano-jean-sebastien-bach-ludwig-van-beethoven-chopin-debussy-faure-ravel-par-maitre-j-c-vanden-eynden-maison-osterrieth-antwerpen","status":"publish","type":"post","link":"https:\/\/www.fondationchopin.org\/de\/index.php\/03-mai-2007-recital-de-piano-jean-sebastien-bach-ludwig-van-beethoven-chopin-debussy-faure-ravel-par-maitre-j-c-vanden-eynden-maison-osterrieth-antwerpen\/","title":{"rendered":"03 mai 2007 &#8211; R\u00e9cital de Piano &#8211; Jean-S\u00e9bastien Bach, Ludwig Van Beethoven, Chopin, Debussy, Faur\u00e9, Ravel &#8211; par ma\u00eetre J.C Vanden Eynden &#8211; Maison Osterrieth Antwerpen"},"content":{"rendered":"<p>R\u00e9cital de Piano<br \/>\nOeuvres de\u00a0Jean-S\u00e9bastien Bach, Ludwig Van Beethoven, Chopin, Debussy, Faur\u00e9, Ravel par <a title=\"Ma\u00eetre Jean-Claude Vanden Eynden\" href=\"http:\/\/www.fondationchopin.org\/index.php\/people\/monsieur-jean-claude-vanden-eynden\/\">ma\u00eetre Jean-Claude Vanden Eynden<\/a>.<\/p>\n<p>Notre jeune laur\u00e9at 2007,\u00a0<a title=\"Alexander Alexandrow Vaguener\" href=\"http:\/\/www.fondationchopin.org\/index.php\/people\/alexander-alexandrow-vaguener\/\">Alexander Vaguener<\/a>,\u00a0\u00e0 interp\u00e9t\u00e9 en ouverture une oeuvre de Frantz Listz.<\/p>\n\n\t\t<style type=\"text\/css\">\n\t\t\t#gallery-1 {\n\t\t\t\tmargin: auto;\n\t\t\t}\n\t\t\t#gallery-1 .gallery-item {\n\t\t\t\tfloat: left;\n\t\t\t\tmargin-top: 10px;\n\t\t\t\ttext-align: center;\n\t\t\t\twidth: 33%;\n\t\t\t}\n\t\t\t#gallery-1 img {\n\t\t\t\tborder: 2px solid #cfcfcf;\n\t\t\t}\n\t\t\t#gallery-1 .gallery-caption {\n\t\t\t\tmargin-left: 0;\n\t\t\t}\n\t\t\t\/* see gallery_shortcode() in wp-includes\/media.php *\/\n\t\t<\/style>\n\t\t<div id='gallery-1' class='gallery galleryid-221 gallery-columns-3 gallery-size-thumbnail'><dl class='gallery-item'>\n\t\t\t<dt class='gallery-icon landscape'>\n\t\t\t\t<img width=\"140\" height=\"140\" src=\"https:\/\/www.fondationchopin.org\/wp-content\/uploads\/2013\/12\/9BB9DA6C-E04C-BAA0-F5C3349EC3DDE4CFchopin_3_mai_concert_1-140x140.jpg\" class=\"attachment-thumbnail size-thumbnail\" alt=\"\" loading=\"lazy\" \/>\n\t\t\t<\/dt><\/dl><dl class='gallery-item'>\n\t\t\t<dt class='gallery-icon landscape'>\n\t\t\t\t<img width=\"140\" height=\"140\" src=\"https:\/\/www.fondationchopin.org\/wp-content\/uploads\/2013\/12\/9BBCD4FF-E04C-BAA0-F5EB2DEF0046A2C8chopin_3_mai_concert_5-140x140.jpg\" class=\"attachment-thumbnail size-thumbnail\" alt=\"\" loading=\"lazy\" \/>\n\t\t\t<\/dt><\/dl><dl class='gallery-item'>\n\t\t\t<dt class='gallery-icon landscape'>\n\t\t\t\t<img width=\"140\" height=\"140\" src=\"https:\/\/www.fondationchopin.org\/wp-content\/uploads\/2013\/12\/9BBC123C-E04C-BAA0-F5619836A659246Bchopin_3_mai_concert_4-140x140.jpg\" class=\"attachment-thumbnail size-thumbnail\" alt=\"\" loading=\"lazy\" \/>\n\t\t\t<\/dt><\/dl><br style=\"clear: both\" \/><dl class='gallery-item'>\n\t\t\t<dt class='gallery-icon landscape'>\n\t\t\t\t<img width=\"140\" height=\"140\" src=\"https:\/\/www.fondationchopin.org\/wp-content\/uploads\/2013\/12\/9BBDAB6A-E04C-BAA0-F50A8EA7AF746E1Achopin_3_mai_concert_6-140x140.jpg\" class=\"attachment-thumbnail size-thumbnail\" alt=\"\" loading=\"lazy\" srcset=\"https:\/\/www.fondationchopin.org\/wp-content\/uploads\/2013\/12\/9BBDAB6A-E04C-BAA0-F50A8EA7AF746E1Achopin_3_mai_concert_6-140x140.jpg 140w, https:\/\/www.fondationchopin.org\/wp-content\/uploads\/2013\/12\/9BBDAB6A-E04C-BAA0-F50A8EA7AF746E1Achopin_3_mai_concert_6-144x144.jpg 144w\" sizes=\"(max-width: 140px) 100vw, 140px\" \/>\n\t\t\t<\/dt><\/dl><dl class='gallery-item'>\n\t\t\t<dt class='gallery-icon landscape'>\n\t\t\t\t<img width=\"140\" height=\"140\" src=\"https:\/\/www.fondationchopin.org\/wp-content\/uploads\/2013\/12\/9BBB329A-E04C-BAA0-F5BCF14152FBB12Dchopin_3_mai_concert_2-140x140.jpg\" class=\"attachment-thumbnail size-thumbnail\" alt=\"\" loading=\"lazy\" \/>\n\t\t\t<\/dt><\/dl><dl class='gallery-item'>\n\t\t\t<dt class='gallery-icon landscape'>\n\t\t\t\t<img width=\"140\" height=\"140\" src=\"https:\/\/www.fondationchopin.org\/wp-content\/uploads\/2013\/12\/9BBF4E8B-E04C-BAA0-F57E27191D4EA357chopin_3_mai_concert_8-140x140.jpg\" class=\"attachment-thumbnail size-thumbnail\" alt=\"\" loading=\"lazy\" \/>\n\t\t\t<\/dt><\/dl><br style=\"clear: both\" \/><dl class='gallery-item'>\n\t\t\t<dt class='gallery-icon landscape'>\n\t\t\t\t<img width=\"140\" height=\"140\" src=\"https:\/\/www.fondationchopin.org\/wp-content\/uploads\/2013\/12\/9BBE8484-E04C-BAA0-F5C4BC2CF78F3D59chopin_3_mai_concert_7-140x140.jpg\" class=\"attachment-thumbnail size-thumbnail\" alt=\"\" loading=\"lazy\" \/>\n\t\t\t<\/dt><\/dl>\n\t\t\t<br style='clear: both' \/>\n\t\t<\/div>\n\n","protected":false},"excerpt":{"rendered":"<p>R\u00e9cital de Piano Oeuvres de\u00a0Jean-S\u00e9bastien Bach, Ludwig Van Beethoven, Chopin, Debussy, Faur\u00e9, Ravel par ma\u00eetre Jean-Claude Vanden Eynden. Notre jeune laur\u00e9at 2007,\u00a0Alexander Vaguener,\u00a0\u00e0 interp\u00e9t\u00e9 en ouverture une oeuvre de Frantz Listz.<\/p>\n","protected":false},"author":8,"featured_media":0,"comment_status":"open","ping_status":"open","sticky":false,"template":"","format":"standard","meta":[],"categories":[5],"tags":[],"_links":{"self":[{"href":"https:\/\/www.fondationchopin.org\/de\/index.php\/wp-json\/wp\/v2\/posts\/221"}],"collection":[{"href":"https:\/\/www.fondationchopin.org\/de\/index.php\/wp-json\/wp\/v2\/posts"}],"about":[{"href":"https:\/\/www.fondationchopin.org\/de\/index.php\/wp-json\/wp\/v2\/types\/post"}],"author":[{"embeddable":true,"href":"https:\/\/www.fondationchopin.org\/de\/index.php\/wp-json\/wp\/v2\/users\/8"}],"replies":[{"embeddable":true,"href":"https:\/\/www.fondationchopin.org\/de\/index.php\/wp-json\/wp\/v2\/comments?post=221"}],"version-history":[{"count":3,"href":"https:\/\/www.fondationchopin.org\/de\/index.php\/wp-json\/wp\/v2\/posts\/221\/revisions"}],"predecessor-version":[{"id":919,"href":"https:\/\/www.fondationchopin.org\/de\/index.php\/wp-json\/wp\/v2\/posts\/221\/revisions\/919"}],"wp:attachment":[{"href":"https:\/\/www.fondationchopin.org\/de\/index.php\/wp-json\/wp\/v2\/media?parent=221"}],"wp:term":[{"taxonomy":"category","embeddable":true,"href":"https:\/\/www.fondationchopin.org\/de\/index.php\/wp-json\/wp\/v2\/categories?post=221"},{"taxonomy":"post_tag","embeddable":true,"href":"https:\/\/www.fondationchopin.org\/de\/index.php\/wp-json\/wp\/v2\/tags?post=221"}],"curies":[{"name":"wp","href":"https:\/\/api.w.org\/{rel}","templated":true}]}}