{"id":511,"date":"2012-09-23T10:56:33","date_gmt":"2012-09-23T10:56:33","guid":{"rendered":"http:\/\/www.fondationchopin.org\/?p=511"},"modified":"2013-03-15T13:43:25","modified_gmt":"2013-03-15T13:43:25","slug":"18-juin-2012-concert-a-lambassade-de-pologne-etterbeek","status":"publish","type":"post","link":"https:\/\/www.fondationchopin.org\/de\/index.php\/18-juin-2012-concert-a-lambassade-de-pologne-etterbeek\/","title":{"rendered":"18 juin 2012 &#8211; Concert \u00e0 l&#8217;Ambassade de Pologne, Etterbeek"},"content":{"rendered":"<p>Nous avons eu le plaisir de vous convier \u00e0 un concert dans les prestigieux salons de l\u2019Ambassade de Pologne, avenue des Gaulois 29 \u00e0 Etterbeek, le lundi 18 juin 2012 \u00e0 19 heures.<!--more--><\/p>\n<p><a href=\"http:\/\/www.fondationchopin.org\/wp-content\/uploads\/2012\/11\/ambassade-de-pologne-avenue-des-gaulois.jpg\"><img loading=\"lazy\" class=\"size-medium wp-image-539 alignleft\" title=\"ambassade de pologne avenue des gaulois\" src=\"http:\/\/www.fondationchopin.org\/wp-content\/uploads\/2012\/11\/ambassade-de-pologne-avenue-des-gaulois-224x300.jpg\" alt=\"\" width=\"224\" height=\"300\" srcset=\"https:\/\/www.fondationchopin.org\/wp-content\/uploads\/2012\/11\/ambassade-de-pologne-avenue-des-gaulois-224x300.jpg 224w, https:\/\/www.fondationchopin.org\/wp-content\/uploads\/2012\/11\/ambassade-de-pologne-avenue-des-gaulois.jpg 337w\" sizes=\"(max-width: 224px) 100vw, 224px\" \/><\/a>Lors de cette soir\u00e9e, nous avons eu le plaisir de vous pr\u00e9senter nos jeunes \u00ab Laur\u00e9ats Fondation Chopin 2012 \u00bb. Lucas Lemage, laur\u00e9at de la ville de Namur, parrain\u00e9 par Monsieur le Gouverneur Mathen de la Province de Namur et Aleksandra Dabrowska de Gdansk parrain\u00e9e par l\u2019ambassade de Pologne, vous ont interpr\u00e9t\u00e9, au piano, un programme vari\u00e9 sans oublier quelques compositions de F. Chopin.<\/p>\n<p>Le concert \u00e9tait suivi d\u2019une r\u00e9ception, offerte par SEM Artur Harazim dans les salons de l\u2019Ambassade de Pologne.<\/p>\n<p>&nbsp;<\/p>\n<p>&nbsp;<\/p>\n","protected":false},"excerpt":{"rendered":"<p>Nous avons eu le plaisir de vous convier \u00e0 un concert dans les prestigieux salons de l\u2019Ambassade de Pologne, avenue des Gaulois 29 \u00e0 Etterbeek, le lundi 18 juin 2012 \u00e0 19 heures.<\/p>\n","protected":false},"author":8,"featured_media":0,"comment_status":"open","ping_status":"open","sticky":false,"template":"","format":"standard","meta":[],"categories":[5],"tags":[],"_links":{"self":[{"href":"https:\/\/www.fondationchopin.org\/de\/index.php\/wp-json\/wp\/v2\/posts\/511"}],"collection":[{"href":"https:\/\/www.fondationchopin.org\/de\/index.php\/wp-json\/wp\/v2\/posts"}],"about":[{"href":"https:\/\/www.fondationchopin.org\/de\/index.php\/wp-json\/wp\/v2\/types\/post"}],"author":[{"embeddable":true,"href":"https:\/\/www.fondationchopin.org\/de\/index.php\/wp-json\/wp\/v2\/users\/8"}],"replies":[{"embeddable":true,"href":"https:\/\/www.fondationchopin.org\/de\/index.php\/wp-json\/wp\/v2\/comments?post=511"}],"version-history":[{"count":6,"href":"https:\/\/www.fondationchopin.org\/de\/index.php\/wp-json\/wp\/v2\/posts\/511\/revisions"}],"predecessor-version":[{"id":637,"href":"https:\/\/www.fondationchopin.org\/de\/index.php\/wp-json\/wp\/v2\/posts\/511\/revisions\/637"}],"wp:attachment":[{"href":"https:\/\/www.fondationchopin.org\/de\/index.php\/wp-json\/wp\/v2\/media?parent=511"}],"wp:term":[{"taxonomy":"category","embeddable":true,"href":"https:\/\/www.fondationchopin.org\/de\/index.php\/wp-json\/wp\/v2\/categories?post=511"},{"taxonomy":"post_tag","embeddable":true,"href":"https:\/\/www.fondationchopin.org\/de\/index.php\/wp-json\/wp\/v2\/tags?post=511"}],"curies":[{"name":"wp","href":"https:\/\/api.w.org\/{rel}","templated":true}]}}