{"id":719,"date":"2013-03-17T10:38:47","date_gmt":"2013-03-17T10:38:47","guid":{"rendered":"http:\/\/www.fondationchopin.org\/?p=719"},"modified":"2013-03-28T10:28:09","modified_gmt":"2013-03-28T10:28:09","slug":"temoignage-de-lech-walesa-contresigne-par-iwo-byczewski-ambassadeur-de-la-republique-de-pologne-en-belgique","status":"publish","type":"post","link":"https:\/\/www.fondationchopin.org\/de\/index.php\/temoignage-de-lech-walesa-contresigne-par-iwo-byczewski-ambassadeur-de-la-republique-de-pologne-en-belgique\/","title":{"rendered":"T\u00e9moignage de Lech Wa\u0142\u0119sa contresign\u00e9 par Iwo Byczewski Ambassadeur de la R\u00e9publique de Pologne en Belgique"},"content":{"rendered":"<p><a href=\"http:\/\/www.fondationchopin.org\/wp-content\/uploads\/2013\/03\/chopin006.jpg\"><img loading=\"lazy\" class=\"alignnone size-medium wp-image-720\" alt=\"Lech Wa\u0142\u0119sa lettre\" src=\"http:\/\/www.fondationchopin.org\/wp-content\/uploads\/2013\/03\/chopin006-210x300.jpg\" width=\"210\" height=\"300\" srcset=\"https:\/\/www.fondationchopin.org\/wp-content\/uploads\/2013\/03\/chopin006-210x300.jpg 210w, https:\/\/www.fondationchopin.org\/wp-content\/uploads\/2013\/03\/chopin006.jpg 562w\" sizes=\"(max-width: 210px) 100vw, 210px\" \/><\/a><\/p>\n","protected":false},"excerpt":{"rendered":"","protected":false},"author":8,"featured_media":0,"comment_status":"open","ping_status":"open","sticky":false,"template":"","format":"standard","meta":[],"categories":[32],"tags":[],"_links":{"self":[{"href":"https:\/\/www.fondationchopin.org\/de\/index.php\/wp-json\/wp\/v2\/posts\/719"}],"collection":[{"href":"https:\/\/www.fondationchopin.org\/de\/index.php\/wp-json\/wp\/v2\/posts"}],"about":[{"href":"https:\/\/www.fondationchopin.org\/de\/index.php\/wp-json\/wp\/v2\/types\/post"}],"author":[{"embeddable":true,"href":"https:\/\/www.fondationchopin.org\/de\/index.php\/wp-json\/wp\/v2\/users\/8"}],"replies":[{"embeddable":true,"href":"https:\/\/www.fondationchopin.org\/de\/index.php\/wp-json\/wp\/v2\/comments?post=719"}],"version-history":[{"count":2,"href":"https:\/\/www.fondationchopin.org\/de\/index.php\/wp-json\/wp\/v2\/posts\/719\/revisions"}],"predecessor-version":[{"id":770,"href":"https:\/\/www.fondationchopin.org\/de\/index.php\/wp-json\/wp\/v2\/posts\/719\/revisions\/770"}],"wp:attachment":[{"href":"https:\/\/www.fondationchopin.org\/de\/index.php\/wp-json\/wp\/v2\/media?parent=719"}],"wp:term":[{"taxonomy":"category","embeddable":true,"href":"https:\/\/www.fondationchopin.org\/de\/index.php\/wp-json\/wp\/v2\/categories?post=719"},{"taxonomy":"post_tag","embeddable":true,"href":"https:\/\/www.fondationchopin.org\/de\/index.php\/wp-json\/wp\/v2\/tags?post=719"}],"curies":[{"name":"wp","href":"https:\/\/api.w.org\/{rel}","templated":true}]}}