{"id":782,"date":"2013-11-08T18:24:55","date_gmt":"2013-11-08T18:24:55","guid":{"rendered":"http:\/\/www.fondationchopin.org\/?p=782"},"modified":"2015-12-02T17:28:52","modified_gmt":"2015-12-02T17:28:52","slug":"medaille-dhonneur-bene-merito","status":"publish","type":"post","link":"https:\/\/www.fondationchopin.org\/de\/index.php\/medaille-dhonneur-bene-merito\/","title":{"rendered":"M\u00e9daille d\u2019honneur Bene Merito"},"content":{"rendered":"<p>A l\u2019occasion des 15 ans de la Fondation Chopin, Son Excellence l\u2019Ambassadeur de Pologne Artur Harazim a remis \u00e0 Madame Chantal Lobert, Madame Jos\u00e9e Deriu et Monsieur Jean-Claude Vanden Eynden la d\u00e9coration \u00ab M\u00e9daille d\u2019honneur Bene Merito \u00bb, d\u00e9cern\u00e9e au nom du gouvernement polonais.<\/p>\n<p>Cette marque de reconnaissance symbolise les liens \u00e9troits entretenus entre la Fondation, l\u2018Ambassade et les repr\u00e9sentants de la communaut\u00e9 polonaise.<\/p>\n<p><!--more-->En effet, depuis 15 ans les trois protagonistes s\u2019investissent b\u00e9n\u00e9volement et sont actifs en tant que Pr\u00e9sidente, Secr\u00e9taire G\u00e9n\u00e9rale et Conseiller Musical au sein de la Fondation Chopin, fondation qui \u0153uvre afin d\u2019offrir \u00e0 de jeunes talents polonais et belges la possibilit\u00e9 de suivre des cours de perfectionnement de piano ou de violon en partenariat avec le Conservatoire de Varsovie et le Centre Musical Eduardo del Pueyo, dirig\u00e9 par Ma\u00eetre Jean-Claude Vanden Eynden, Administrateur et co-Fondateur de la Fondation Chopin.<\/p>\n<p>Afin de f\u00eater cet \u00e9v\u00e9nement, un r\u00e9cital de piano a \u00e9t\u00e9 organis\u00e9 le dimanche 13 octobre dans les salons de l\u2019Ambassade de Pologne \u00e0 Bruxelles.<\/p>\n<p>Trois laur\u00e9ats, Aveline Gram, Yannick Van de Velde et Krzystof Potocznic avaient \u00e9t\u00e9 s\u00e9lectionn\u00e9s par la Fondation Chopin afin d\u2019interpr\u00e9ter avec leur professeur, Ma\u00eetre Jean-Claude Vanden Eynden un programme vari\u00e9 et original, jou\u00e9 \u00e0 4, 6 et 8 mains.<\/p>\n<p>Un \u00e9ventail d\u2019invit\u00e9s du monde des affaires, du monde diplomatique ainsi que des m\u00e9lomanes se sont laiss\u00e9 transporter par ce r\u00e9cital magistralement interpr\u00e9t\u00e9.<\/p>\n<p>Le magnifique concert fut suivi d\u2019une r\u00e9ception et nous avons d\u00e9gust\u00e9 des sp\u00e9cialit\u00e9s culinaires polonaises.<\/p>\n<p>Les membres du conseil de la Fondation r\u00e9it\u00e8rent leurs plus vifs remerciements \u00e0 SEM Artur Harazim, au gouvernement polonais et \u00e0 leur principal sponsor, la soci\u00e9t\u00e9 Start People.<\/p>\n<p>&nbsp;<\/p>\n<p><a href=\"http:\/\/www.fondationchopin.org\/wp-content\/uploads\/2013\/11\/jde-mep5.jpg\"><img loading=\"lazy\" class=\"alignleft size-thumbnail wp-image-849\" alt=\"jde-mep5\" src=\"http:\/\/www.fondationchopin.org\/wp-content\/uploads\/2013\/11\/jde-mep5-140x140.jpg\" width=\"140\" height=\"140\" srcset=\"https:\/\/www.fondationchopin.org\/wp-content\/uploads\/2013\/11\/jde-mep5-140x140.jpg 140w, https:\/\/www.fondationchopin.org\/wp-content\/uploads\/2013\/11\/jde-mep5-300x300.jpg 300w, https:\/\/www.fondationchopin.org\/wp-content\/uploads\/2013\/11\/jde-mep5.jpg 500w\" sizes=\"(max-width: 140px) 100vw, 140px\" \/><\/a><a href=\"http:\/\/www.fondationchopin.org\/wp-content\/uploads\/2013\/11\/DSC_0753.jpg\"><img loading=\"lazy\" class=\"alignleft size-thumbnail wp-image-869\" alt=\"DSC_0753\" src=\"http:\/\/www.fondationchopin.org\/wp-content\/uploads\/2013\/11\/DSC_0753-140x140.jpg\" width=\"140\" height=\"140\" \/><\/a><a href=\"http:\/\/www.fondationchopin.org\/wp-content\/uploads\/2013\/11\/DSC_0363.jpg\"><img loading=\"lazy\" class=\"alignleft size-thumbnail wp-image-863\" alt=\"DSC_0363\" src=\"http:\/\/www.fondationchopin.org\/wp-content\/uploads\/2013\/11\/DSC_0363-140x140.jpg\" width=\"140\" height=\"140\" \/><\/a><a href=\"http:\/\/www.fondationchopin.org\/wp-content\/uploads\/2013\/11\/DSC_0799.jpg\"><img loading=\"lazy\" class=\"alignleft size-thumbnail wp-image-870\" alt=\"DSC_0799\" src=\"http:\/\/www.fondationchopin.org\/wp-content\/uploads\/2013\/11\/DSC_0799-140x140.jpg\" width=\"140\" height=\"140\" \/><\/a><\/p>\n","protected":false},"excerpt":{"rendered":"<p>A l\u2019occasion des 15 ans de la Fondation Chopin, Son Excellence l\u2019Ambassadeur de Pologne Artur Harazim a remis \u00e0 Madame Chantal Lobert, Madame Jos\u00e9e Deriu et Monsieur Jean-Claude Vanden Eynden la d\u00e9coration \u00ab M\u00e9daille d\u2019honneur Bene Merito \u00bb, d\u00e9cern\u00e9e au nom du gouvernement polonais. Cette marque de reconnaissance symbolise les liens \u00e9troits entretenus entre la &hellip; <a class=\"next\" href=\"https:\/\/www.fondationchopin.org\/de\/index.php\/medaille-dhonneur-bene-merito\/\">Lire la suite<\/a><\/p>\n","protected":false},"author":8,"featured_media":0,"comment_status":"open","ping_status":"open","sticky":false,"template":"","format":"standard","meta":[],"categories":[4],"tags":[],"_links":{"self":[{"href":"https:\/\/www.fondationchopin.org\/de\/index.php\/wp-json\/wp\/v2\/posts\/782"}],"collection":[{"href":"https:\/\/www.fondationchopin.org\/de\/index.php\/wp-json\/wp\/v2\/posts"}],"about":[{"href":"https:\/\/www.fondationchopin.org\/de\/index.php\/wp-json\/wp\/v2\/types\/post"}],"author":[{"embeddable":true,"href":"https:\/\/www.fondationchopin.org\/de\/index.php\/wp-json\/wp\/v2\/users\/8"}],"replies":[{"embeddable":true,"href":"https:\/\/www.fondationchopin.org\/de\/index.php\/wp-json\/wp\/v2\/comments?post=782"}],"version-history":[{"count":8,"href":"https:\/\/www.fondationchopin.org\/de\/index.php\/wp-json\/wp\/v2\/posts\/782\/revisions"}],"predecessor-version":[{"id":785,"href":"https:\/\/www.fondationchopin.org\/de\/index.php\/wp-json\/wp\/v2\/posts\/782\/revisions\/785"}],"wp:attachment":[{"href":"https:\/\/www.fondationchopin.org\/de\/index.php\/wp-json\/wp\/v2\/media?parent=782"}],"wp:term":[{"taxonomy":"category","embeddable":true,"href":"https:\/\/www.fondationchopin.org\/de\/index.php\/wp-json\/wp\/v2\/categories?post=782"},{"taxonomy":"post_tag","embeddable":true,"href":"https:\/\/www.fondationchopin.org\/de\/index.php\/wp-json\/wp\/v2\/tags?post=782"}],"curies":[{"name":"wp","href":"https:\/\/api.w.org\/{rel}","templated":true}]}}