{"id":109,"date":"2012-01-30T14:40:59","date_gmt":"2012-01-30T14:40:59","guid":{"rendered":"http:\/\/127.0.0.1\/Chopin\/?p=109"},"modified":"2013-03-17T10:09:27","modified_gmt":"2013-03-17T10:09:27","slug":"ordre-du-merite-culturel","status":"publish","type":"post","link":"https:\/\/www.fondationchopin.org\/fr\/index.php\/ordre-du-merite-culturel\/","title":{"rendered":"Madame Chantal Lobert d\u00e9cor\u00e9e de l&rsquo;ordre du \u00ab\u00a0M\u00e9rite Culturel\u00a0\u00bb."},"content":{"rendered":"<p>Gr\u00e2ce au soutien de SEM Jan Wojciech Piekarski, le travail accompli par la Fondation Chopin a \u00e9t\u00e9 r\u00e9compens\u00e9, par l&rsquo;interm\u00e9diaire de sa Pr\u00e9sidente fondatrice, <a title=\"Madame Chantal Lobert\" href=\"http:\/\/www.fondationchopin.org\/index.php\/people\/madame-chantal-lobert\/\">Chantal Lobert<\/a> qui a \u00e9t\u00e9 d\u00e9cor\u00e9e en 2001 de l&rsquo;ordre du \u00ab\u00a0M\u00e9rite Culturel\u00a0\u00bb d\u00e9cern\u00e9 par le Ministre de la Culture de la R\u00e9publique de Pologne.<\/p>\n","protected":false},"excerpt":{"rendered":"<p>Gr\u00e2ce au soutien de SEM Jan Wojciech Piekarski, le travail accompli par la Fondation Chopin a \u00e9t\u00e9 r\u00e9compens\u00e9, par l&rsquo;interm\u00e9diaire de sa Pr\u00e9sidente fondatrice, Chantal Lobert qui a \u00e9t\u00e9 d\u00e9cor\u00e9e en 2001 de l&rsquo;ordre du \u00ab\u00a0M\u00e9rite Culturel\u00a0\u00bb d\u00e9cern\u00e9 par le Ministre de la Culture de la R\u00e9publique de Pologne.<\/p>\n","protected":false},"author":8,"featured_media":0,"comment_status":"open","ping_status":"open","sticky":false,"template":"","format":"standard","meta":[],"categories":[4],"tags":[],"_links":{"self":[{"href":"https:\/\/www.fondationchopin.org\/fr\/index.php\/wp-json\/wp\/v2\/posts\/109"}],"collection":[{"href":"https:\/\/www.fondationchopin.org\/fr\/index.php\/wp-json\/wp\/v2\/posts"}],"about":[{"href":"https:\/\/www.fondationchopin.org\/fr\/index.php\/wp-json\/wp\/v2\/types\/post"}],"author":[{"embeddable":true,"href":"https:\/\/www.fondationchopin.org\/fr\/index.php\/wp-json\/wp\/v2\/users\/8"}],"replies":[{"embeddable":true,"href":"https:\/\/www.fondationchopin.org\/fr\/index.php\/wp-json\/wp\/v2\/comments?post=109"}],"version-history":[{"count":2,"href":"https:\/\/www.fondationchopin.org\/fr\/index.php\/wp-json\/wp\/v2\/posts\/109\/revisions"}],"predecessor-version":[{"id":2591,"href":"https:\/\/www.fondationchopin.org\/fr\/index.php\/wp-json\/wp\/v2\/posts\/109\/revisions\/2591"}],"wp:attachment":[{"href":"https:\/\/www.fondationchopin.org\/fr\/index.php\/wp-json\/wp\/v2\/media?parent=109"}],"wp:term":[{"taxonomy":"category","embeddable":true,"href":"https:\/\/www.fondationchopin.org\/fr\/index.php\/wp-json\/wp\/v2\/categories?post=109"},{"taxonomy":"post_tag","embeddable":true,"href":"https:\/\/www.fondationchopin.org\/fr\/index.php\/wp-json\/wp\/v2\/tags?post=109"}],"curies":[{"name":"wp","href":"https:\/\/api.w.org\/{rel}","templated":true}]}}