{"id":207,"date":"2012-01-31T12:04:59","date_gmt":"2012-01-31T12:04:59","guid":{"rendered":"http:\/\/127.0.0.1\/Chopin\/?p=207"},"modified":"2012-01-31T12:04:59","modified_gmt":"2012-01-31T12:04:59","slug":"05-mars-2004-recital-de-piano-oeuvres-de-chopin-maitre-jean-claude-vanden-eynden-orangerie-du-chateau-de-seneffe","status":"publish","type":"post","link":"https:\/\/www.fondationchopin.org\/fr\/index.php\/05-mars-2004-recital-de-piano-oeuvres-de-chopin-maitre-jean-claude-vanden-eynden-orangerie-du-chateau-de-seneffe\/","title":{"rendered":"05 mars 2004 &#8211; R\u00e9cital de piano oeuvres de Chopin &#8211; Ma\u00eetre Jean-Claude Vanden Eynden &#8211; Orangerie du Ch\u00e2teau de Seneffe"},"content":{"rendered":"<p>R\u00e9cital de piano oeuvres de Chopin\u00a0offert par Ma\u00eetre Jean-Claude Vanden Eynden<\/p>\n","protected":false},"excerpt":{"rendered":"<p>R\u00e9cital de piano oeuvres de Chopin\u00a0offert par Ma\u00eetre Jean-Claude Vanden Eynden<\/p>\n","protected":false},"author":8,"featured_media":0,"comment_status":"open","ping_status":"open","sticky":false,"template":"","format":"standard","meta":[],"categories":[5],"tags":[],"_links":{"self":[{"href":"https:\/\/www.fondationchopin.org\/fr\/index.php\/wp-json\/wp\/v2\/posts\/207"}],"collection":[{"href":"https:\/\/www.fondationchopin.org\/fr\/index.php\/wp-json\/wp\/v2\/posts"}],"about":[{"href":"https:\/\/www.fondationchopin.org\/fr\/index.php\/wp-json\/wp\/v2\/types\/post"}],"author":[{"embeddable":true,"href":"https:\/\/www.fondationchopin.org\/fr\/index.php\/wp-json\/wp\/v2\/users\/8"}],"replies":[{"embeddable":true,"href":"https:\/\/www.fondationchopin.org\/fr\/index.php\/wp-json\/wp\/v2\/comments?post=207"}],"version-history":[{"count":0,"href":"https:\/\/www.fondationchopin.org\/fr\/index.php\/wp-json\/wp\/v2\/posts\/207\/revisions"}],"wp:attachment":[{"href":"https:\/\/www.fondationchopin.org\/fr\/index.php\/wp-json\/wp\/v2\/media?parent=207"}],"wp:term":[{"taxonomy":"category","embeddable":true,"href":"https:\/\/www.fondationchopin.org\/fr\/index.php\/wp-json\/wp\/v2\/categories?post=207"},{"taxonomy":"post_tag","embeddable":true,"href":"https:\/\/www.fondationchopin.org\/fr\/index.php\/wp-json\/wp\/v2\/tags?post=207"}],"curies":[{"name":"wp","href":"https:\/\/api.w.org\/{rel}","templated":true}]}}