{"id":215,"date":"2012-01-31T12:12:17","date_gmt":"2012-01-31T12:12:17","guid":{"rendered":"http:\/\/127.0.0.1\/Chopin\/?p=215"},"modified":"2012-11-23T11:29:42","modified_gmt":"2012-11-23T11:29:42","slug":"14-septembre-2005-recital-de-marek-drewnowski-ambassade-de-la-republique-de-pologne","status":"publish","type":"post","link":"https:\/\/www.fondationchopin.org\/fr\/index.php\/14-septembre-2005-recital-de-marek-drewnowski-ambassade-de-la-republique-de-pologne\/","title":{"rendered":"14 septembre 2005 &#8211; R\u00e9cital de Marek Drewnowski &#8211; Ambassade de la R\u00e9publique de Pologne"},"content":{"rendered":"<p>R\u00e9cital de Marek Drewnowski, pianiste et Chef d\u2019Orchestre n\u00e9 \u00e0 Kolobrzeg en Pologne.<\/p>\n<p>&nbsp;<\/p>\n<p>Au programme, des oeuvres de Chopin :<\/p>\n<p>&nbsp;<\/p>\n<p>Scherzo cis,<\/p>\n<p>2 nocturnes de l\u2019op. 15,<\/p>\n<p>2 \u00e9tudes,<\/p>\n<p>2 Valses,<\/p>\n<p>2 Mazurka et les variations sur le th\u00e8me e Mozart op.2 \u00ab la ci darem la mano \u00bb<\/p>\n<p>&nbsp;<\/p>\n<p>Le concert \u00e9tait suivi d\u2019une r\u00e9ception.<\/p>\n<p>&nbsp;<\/p>\n<p>&nbsp;<\/p>\n","protected":false},"excerpt":{"rendered":"<p>R\u00e9cital de Marek Drewnowski, pianiste et Chef d\u2019Orchestre n\u00e9 \u00e0 Kolobrzeg en Pologne. &nbsp; Au programme, des oeuvres de Chopin : &nbsp; Scherzo cis, 2 nocturnes de l\u2019op. 15, 2 \u00e9tudes, 2 Valses, 2 Mazurka et les variations sur le th\u00e8me e Mozart op.2 \u00ab la ci darem la mano \u00bb &nbsp; Le concert \u00e9tait &hellip; <a class=\"next\" href=\"https:\/\/www.fondationchopin.org\/fr\/index.php\/14-septembre-2005-recital-de-marek-drewnowski-ambassade-de-la-republique-de-pologne\/\">Lire la suite<\/a><\/p>\n","protected":false},"author":8,"featured_media":0,"comment_status":"open","ping_status":"open","sticky":false,"template":"","format":"standard","meta":[],"categories":[5],"tags":[],"_links":{"self":[{"href":"https:\/\/www.fondationchopin.org\/fr\/index.php\/wp-json\/wp\/v2\/posts\/215"}],"collection":[{"href":"https:\/\/www.fondationchopin.org\/fr\/index.php\/wp-json\/wp\/v2\/posts"}],"about":[{"href":"https:\/\/www.fondationchopin.org\/fr\/index.php\/wp-json\/wp\/v2\/types\/post"}],"author":[{"embeddable":true,"href":"https:\/\/www.fondationchopin.org\/fr\/index.php\/wp-json\/wp\/v2\/users\/8"}],"replies":[{"embeddable":true,"href":"https:\/\/www.fondationchopin.org\/fr\/index.php\/wp-json\/wp\/v2\/comments?post=215"}],"version-history":[{"count":2,"href":"https:\/\/www.fondationchopin.org\/fr\/index.php\/wp-json\/wp\/v2\/posts\/215\/revisions"}],"predecessor-version":[{"id":524,"href":"https:\/\/www.fondationchopin.org\/fr\/index.php\/wp-json\/wp\/v2\/posts\/215\/revisions\/524"}],"wp:attachment":[{"href":"https:\/\/www.fondationchopin.org\/fr\/index.php\/wp-json\/wp\/v2\/media?parent=215"}],"wp:term":[{"taxonomy":"category","embeddable":true,"href":"https:\/\/www.fondationchopin.org\/fr\/index.php\/wp-json\/wp\/v2\/categories?post=215"},{"taxonomy":"post_tag","embeddable":true,"href":"https:\/\/www.fondationchopin.org\/fr\/index.php\/wp-json\/wp\/v2\/tags?post=215"}],"curies":[{"name":"wp","href":"https:\/\/api.w.org\/{rel}","templated":true}]}}