{"id":227,"date":"2012-01-31T12:25:13","date_gmt":"2012-01-31T12:25:13","guid":{"rendered":"http:\/\/127.0.0.1\/Chopin\/?p=227"},"modified":"2012-11-30T10:39:22","modified_gmt":"2012-11-30T10:39:22","slug":"31-aout-2008-recital-de-nos-laureats-moulin-de-felenne","status":"publish","type":"post","link":"https:\/\/www.fondationchopin.org\/fr\/index.php\/31-aout-2008-recital-de-nos-laureats-moulin-de-felenne\/","title":{"rendered":"31 ao\u00fbt 2008 &#8211; R\u00e9cital de nos Laur\u00e9ats &#8211; Moulin de Felenne"},"content":{"rendered":"<p>R\u00e9cital de nos Laur\u00e9ats\u00a0suivi d&rsquo;un buffet en pr\u00e9sence de nos membres d&rsquo;honneur et de nos partenaires.<\/p>\n<p><img loading=\"lazy\" class=\"size-medium wp-image-607 aligncenter\" title=\"FELENNE\" src=\"http:\/\/www.fondationchopin.org\/wp-content\/uploads\/2012\/01\/FELENNE-300x201.jpg\" alt=\"\" width=\"300\" height=\"201\" srcset=\"https:\/\/www.fondationchopin.org\/wp-content\/uploads\/2012\/01\/FELENNE-300x201.jpg 300w, https:\/\/www.fondationchopin.org\/wp-content\/uploads\/2012\/01\/FELENNE-1024x689.jpg 1024w, https:\/\/www.fondationchopin.org\/wp-content\/uploads\/2012\/01\/FELENNE.jpg 800w\" sizes=\"(max-width: 300px) 100vw, 300px\" \/><\/p>\n","protected":false},"excerpt":{"rendered":"<p>R\u00e9cital de nos Laur\u00e9ats\u00a0suivi d&rsquo;un buffet en pr\u00e9sence de nos membres d&rsquo;honneur et de nos partenaires.<\/p>\n","protected":false},"author":8,"featured_media":0,"comment_status":"open","ping_status":"open","sticky":false,"template":"","format":"standard","meta":[],"categories":[5],"tags":[],"_links":{"self":[{"href":"https:\/\/www.fondationchopin.org\/fr\/index.php\/wp-json\/wp\/v2\/posts\/227"}],"collection":[{"href":"https:\/\/www.fondationchopin.org\/fr\/index.php\/wp-json\/wp\/v2\/posts"}],"about":[{"href":"https:\/\/www.fondationchopin.org\/fr\/index.php\/wp-json\/wp\/v2\/types\/post"}],"author":[{"embeddable":true,"href":"https:\/\/www.fondationchopin.org\/fr\/index.php\/wp-json\/wp\/v2\/users\/8"}],"replies":[{"embeddable":true,"href":"https:\/\/www.fondationchopin.org\/fr\/index.php\/wp-json\/wp\/v2\/comments?post=227"}],"version-history":[{"count":3,"href":"https:\/\/www.fondationchopin.org\/fr\/index.php\/wp-json\/wp\/v2\/posts\/227\/revisions"}],"predecessor-version":[{"id":1990,"href":"https:\/\/www.fondationchopin.org\/fr\/index.php\/wp-json\/wp\/v2\/posts\/227\/revisions\/1990"}],"wp:attachment":[{"href":"https:\/\/www.fondationchopin.org\/fr\/index.php\/wp-json\/wp\/v2\/media?parent=227"}],"wp:term":[{"taxonomy":"category","embeddable":true,"href":"https:\/\/www.fondationchopin.org\/fr\/index.php\/wp-json\/wp\/v2\/categories?post=227"},{"taxonomy":"post_tag","embeddable":true,"href":"https:\/\/www.fondationchopin.org\/fr\/index.php\/wp-json\/wp\/v2\/tags?post=227"}],"curies":[{"name":"wp","href":"https:\/\/api.w.org\/{rel}","templated":true}]}}