{"id":231,"date":"2012-01-31T12:34:13","date_gmt":"2012-01-31T12:34:13","guid":{"rendered":"http:\/\/127.0.0.1\/Chopin\/?p=231"},"modified":"2013-03-17T10:15:52","modified_gmt":"2013-03-17T10:15:52","slug":"08-juin-2009-bach-szymanovski-et-chopin-interprete-par-daniel-blumenthal-et-adam-korniczewski-chateau-ste-anne-a-bruxelles","status":"publish","type":"post","link":"https:\/\/www.fondationchopin.org\/fr\/index.php\/08-juin-2009-bach-szymanovski-et-chopin-interprete-par-daniel-blumenthal-et-adam-korniczewski-chateau-ste-anne-a-bruxelles\/","title":{"rendered":"08 juin 2009 &#8211; Bach, Szymanovski et Chopin interpr\u00e9t\u00e9 par Daniel Blumenthal et Adam Korniczewski &#8211; Ch\u00e2teau Ste Anne \u00e0 Bruxelles"},"content":{"rendered":"<p>Le pianiste Daniel Blumenthal et Adam Korniczewski au violon ont\u00a0interpr\u00e9t\u00e9\u00a0des \u0153uvre de Bach, Karol Szymanovski et Fr\u00e9d\u00e9ric Chopin.<\/p>\n<p>Notre Laur\u00e9ate Fondation Chopin 2009, <a title=\"Youky Bessho\" href=\"http:\/\/www.fondationchopin.org\/index.php\/people\/youky-bessho\/\">Youki Bessho<\/a> a interpr\u00e9t\u00e9 en premi\u00e8re partie la &lsquo;Valse de Ravel&rsquo;.<\/p>\n","protected":false},"excerpt":{"rendered":"<p>Le pianiste Daniel Blumenthal et Adam Korniczewski au violon ont\u00a0interpr\u00e9t\u00e9\u00a0des \u0153uvre de Bach, Karol Szymanovski et Fr\u00e9d\u00e9ric Chopin. Notre Laur\u00e9ate Fondation Chopin 2009, Youki Bessho a interpr\u00e9t\u00e9 en premi\u00e8re partie la &lsquo;Valse de Ravel&rsquo;.<\/p>\n","protected":false},"author":8,"featured_media":0,"comment_status":"open","ping_status":"open","sticky":false,"template":"","format":"standard","meta":[],"categories":[5],"tags":[],"_links":{"self":[{"href":"https:\/\/www.fondationchopin.org\/fr\/index.php\/wp-json\/wp\/v2\/posts\/231"}],"collection":[{"href":"https:\/\/www.fondationchopin.org\/fr\/index.php\/wp-json\/wp\/v2\/posts"}],"about":[{"href":"https:\/\/www.fondationchopin.org\/fr\/index.php\/wp-json\/wp\/v2\/types\/post"}],"author":[{"embeddable":true,"href":"https:\/\/www.fondationchopin.org\/fr\/index.php\/wp-json\/wp\/v2\/users\/8"}],"replies":[{"embeddable":true,"href":"https:\/\/www.fondationchopin.org\/fr\/index.php\/wp-json\/wp\/v2\/comments?post=231"}],"version-history":[{"count":1,"href":"https:\/\/www.fondationchopin.org\/fr\/index.php\/wp-json\/wp\/v2\/posts\/231\/revisions"}],"predecessor-version":[{"id":699,"href":"https:\/\/www.fondationchopin.org\/fr\/index.php\/wp-json\/wp\/v2\/posts\/231\/revisions\/699"}],"wp:attachment":[{"href":"https:\/\/www.fondationchopin.org\/fr\/index.php\/wp-json\/wp\/v2\/media?parent=231"}],"wp:term":[{"taxonomy":"category","embeddable":true,"href":"https:\/\/www.fondationchopin.org\/fr\/index.php\/wp-json\/wp\/v2\/categories?post=231"},{"taxonomy":"post_tag","embeddable":true,"href":"https:\/\/www.fondationchopin.org\/fr\/index.php\/wp-json\/wp\/v2\/tags?post=231"}],"curies":[{"name":"wp","href":"https:\/\/api.w.org\/{rel}","templated":true}]}}