{"id":235,"date":"2012-01-31T12:52:45","date_gmt":"2012-01-31T12:52:45","guid":{"rendered":"http:\/\/127.0.0.1\/Chopin\/?p=235"},"modified":"2012-11-23T11:10:42","modified_gmt":"2012-11-23T11:10:42","slug":"08-octobre-2010-recital-dedie-a-frederic-chopin-et-polonaise-heroique-jean-claude-vanden-eynden-yacha-bachmadova-et-xavier-locus-chateau-ste-anne-auderghem","status":"publish","type":"post","link":"https:\/\/www.fondationchopin.org\/fr\/index.php\/08-octobre-2010-recital-dedie-a-frederic-chopin-et-polonaise-heroique-jean-claude-vanden-eynden-yacha-bachmadova-et-xavier-locus-chateau-ste-anne-auderghem\/","title":{"rendered":"08 octobre 2010 &#8211; r\u00e9cital d\u00e9di\u00e9 \u00e0 Fr\u00e9d\u00e9ric Chopin et Polonaise H\u00e9ro\u00efque &#8211; Jean Claude Vanden Eynden, Yacha Bachmadova et Xavier Locus &#8211; Ch\u00e2teau Ste Anne \u00e0 Auderghem"},"content":{"rendered":"<p>Pour f\u00eater le bicentenaire de la naissance de Chopin, nous avons organis\u00e9 une Soir\u00e9e de Gala dans le cadre du Ch\u00e2teau Ste Anne \u00e0 Bruxelles.<\/p>\n<p>Les invit\u00e9s se sont laiss\u00e9 transporter par le r\u00e9cital d\u00e9di\u00e9 \u00e0 Frederyk Chopin magistralement interpr\u00e9t\u00e9 par les trois laur\u00e9ats choisis par la Fondation : Yacha Bachmadova et Xavier Locus pour l\u2019ann\u00e9e 2008 et Artur Burmistrov pour l\u2019ann\u00e9e 2009.<\/p>\n<p>Ensuite, ce fut au tour de Ma\u00eetre Jean-Claude Vanden Eynden, pianiste tr\u00e8s connu, ancien laur\u00e9at du Concours Reine Elisabeth \u00e0 l\u2019\u00e2ge de 16 ans et soliste de r\u00e9putation mondiale, de charmer le pare-terre d\u2019invit\u00e9s par une ballade et cl\u00f4turer par la tr\u00e8s c\u00e9l\u00e8bre Polonaise H\u00e9ro\u00efque, v\u00e9ritable feu d\u2019artifices.<\/p>\n<p>On ne pouvait r\u00eaver meilleur pr\u00e9ambule pour passer \u00e0 table et go\u00fbter \u00e0 d\u2019autres plaisirs plus mat\u00e9riels mais n\u00e9anmoins savoureux.<\/p>\n<p>&nbsp;<\/p>\n","protected":false},"excerpt":{"rendered":"<p>Pour f\u00eater le bicentenaire de la naissance de Chopin, nous avons organis\u00e9 une Soir\u00e9e de Gala dans le cadre du Ch\u00e2teau Ste Anne \u00e0 Bruxelles. Les invit\u00e9s se sont laiss\u00e9 transporter par le r\u00e9cital d\u00e9di\u00e9 \u00e0 Frederyk Chopin magistralement interpr\u00e9t\u00e9 par les trois laur\u00e9ats choisis par la Fondation : Yacha Bachmadova et Xavier Locus pour &hellip; <a class=\"next\" href=\"https:\/\/www.fondationchopin.org\/fr\/index.php\/08-octobre-2010-recital-dedie-a-frederic-chopin-et-polonaise-heroique-jean-claude-vanden-eynden-yacha-bachmadova-et-xavier-locus-chateau-ste-anne-auderghem\/\">Lire la suite<\/a><\/p>\n","protected":false},"author":8,"featured_media":0,"comment_status":"open","ping_status":"open","sticky":false,"template":"","format":"standard","meta":[],"categories":[5],"tags":[],"_links":{"self":[{"href":"https:\/\/www.fondationchopin.org\/fr\/index.php\/wp-json\/wp\/v2\/posts\/235"}],"collection":[{"href":"https:\/\/www.fondationchopin.org\/fr\/index.php\/wp-json\/wp\/v2\/posts"}],"about":[{"href":"https:\/\/www.fondationchopin.org\/fr\/index.php\/wp-json\/wp\/v2\/types\/post"}],"author":[{"embeddable":true,"href":"https:\/\/www.fondationchopin.org\/fr\/index.php\/wp-json\/wp\/v2\/users\/8"}],"replies":[{"embeddable":true,"href":"https:\/\/www.fondationchopin.org\/fr\/index.php\/wp-json\/wp\/v2\/comments?post=235"}],"version-history":[{"count":4,"href":"https:\/\/www.fondationchopin.org\/fr\/index.php\/wp-json\/wp\/v2\/posts\/235\/revisions"}],"predecessor-version":[{"id":517,"href":"https:\/\/www.fondationchopin.org\/fr\/index.php\/wp-json\/wp\/v2\/posts\/235\/revisions\/517"}],"wp:attachment":[{"href":"https:\/\/www.fondationchopin.org\/fr\/index.php\/wp-json\/wp\/v2\/media?parent=235"}],"wp:term":[{"taxonomy":"category","embeddable":true,"href":"https:\/\/www.fondationchopin.org\/fr\/index.php\/wp-json\/wp\/v2\/categories?post=235"},{"taxonomy":"post_tag","embeddable":true,"href":"https:\/\/www.fondationchopin.org\/fr\/index.php\/wp-json\/wp\/v2\/tags?post=235"}],"curies":[{"name":"wp","href":"https:\/\/api.w.org\/{rel}","templated":true}]}}