{"id":2438,"date":"2024-03-22T15:24:15","date_gmt":"2024-03-22T15:24:15","guid":{"rendered":"https:\/\/www.fondationchopin.org\/?p=2438"},"modified":"2024-03-22T16:25:17","modified_gmt":"2024-03-22T16:25:17","slug":"concert-of-september-28th-2023","status":"publish","type":"post","link":"https:\/\/www.fondationchopin.org\/fr\/index.php\/concert-of-september-28th-2023\/","title":{"rendered":"Concert du 28 SEPTEMBRE 2023"},"content":{"rendered":"<p style=\"text-align: center;\"><strong><em>SOUS LE HAUT PATRONAGE ET EN PRESENCE DE SEM RAFAL SIEMIANOWSKI AMBASSADEUR DE LA REPUBLIQUE DE POLOGNE AUPRES DU ROYAUME DE BELGIQUE <\/em><\/strong><\/p>\n<p style=\"text-align: center;\">Mesdames, Messieurs,<\/p>\n<p style=\"text-align: center;\">Chers Amis de la Fondation Stichting Stiftung Chopin,<\/p>\n<p>Le Conseil d\u2019administration a l\u2019honneur de vous convier \u00e0 un concert organis\u00e9 dans les Salons de l\u2019Ambassade de la R\u00e9publique de Pologne, avenue des Gaulois, 29 \u00e0 1040 Bruxelles, le jeudi 28 septembre 2023 \u00e0 18 heures 30.<\/p>\n<p>Le concert sera suivi d\u2019un cocktail dinatoire offert par notre Ambassadeur SEM Rafal Siemianowski. En participant \u00e0 cette manifestation vous nous permettez d\u2019offrir des stages de piano, de chant, de violon et de violoncelle \u00e0 nos jeunes talents.Lors de ce concert, notre administrateur, Pr\u00e9sident de Bepolux, Monsieur Jean-Charles Wibo remettra un prix \u00e0 deux jeunes talents \u00e9lus \u00ab Laur\u00e9ats de la Fondation Stichting Stiftung Chopin 2023 \u00bb.<\/p>\n<p style=\"text-align: center;\"><u>Le programme\u00a0musical est compos\u00e9 sous la direction de notre Pr\u00e9sident d\u2019Honneur Ma\u00eetre J.C. Vanden Eynden\u00a0:<\/u><\/p>\n<p><strong><em>Sonata for Cello and piano opus 65\u00a0\u00a0\u00a0\u00a0\u00a0\u00a0\u00a0\u00a0\u00a0\u00a0\u00a0\u00a0\u00a0\u00a0\u00a0\u00a0\u00a0\u00a0\u00a0\u00a0\u00a0\u00a0\u00a0\u00a0\u00a0\u00a0\u00a0\u00a0\u00a0\u00a0\u00a0\u00a0\u00a0\u00a0\u00a0\u00a0\u00a0\u00a0\u00a0\u00a0 F.CHOPIN<\/em><\/strong><\/p>\n<p><strong><em>\u00b0Allegro moderato. Scherzo\u00a0: Allegro con brio. <\/em><\/strong><strong><em>Largo. Finale\u00a0: allegro\u00a0 <\/em><\/strong><\/p>\n<p><em>KRZYSZTOF MICHALSKI\u00a0\u00a0 Cello<\/em><\/p>\n<p><em>JAN WACHOWSKI\u00a0\u00a0\u00a0\u00a0\u00a0\u00a0\u00a0\u00a0 Piano<\/em><\/p>\n<p><strong><em>\u00a0<\/em><\/strong><\/p>\n<p><strong><em>Waltz opus 39 nos 1-2-3-15\u00a0\u00a0\u00a0\u00a0\u00a0\u00a0\u00a0\u00a0\u00a0\u00a0\u00a0\u00a0\u00a0\u00a0\u00a0\u00a0\u00a0\u00a0\u00a0\u00a0\u00a0\u00a0\u00a0\u00a0\u00a0\u00a0\u00a0\u00a0\u00a0\u00a0\u00a0\u00a0\u00a0\u00a0\u00a0\u00a0\u00a0\u00a0\u00a0\u00a0\u00a0\u00a0\u00a0\u00a0\u00a0\u00a0\u00a0\u00a0\u00a0\u00a0\u00a0\u00a0 J.BRAHMS<\/em><\/strong><\/p>\n<p><strong><em>Spanish Rhapsody (extract)\u00a0: La Feria\u00a0\u00a0\u00a0\u00a0\u00a0\u00a0\u00a0\u00a0\u00a0\u00a0\u00a0\u00a0\u00a0\u00a0\u00a0\u00a0\u00a0\u00a0\u00a0\u00a0\u00a0\u00a0\u00a0\u00a0\u00a0\u00a0\u00a0\u00a0\u00a0\u00a0\u00a0\u00a0\u00a0 M\u00a0.RAVEL<\/em><\/strong><\/p>\n<p><strong><em>Hungarian Danses n\u00b01 and 5\u00a0\u00a0\u00a0\u00a0\u00a0\u00a0\u00a0\u00a0\u00a0\u00a0\u00a0\u00a0\u00a0\u00a0\u00a0\u00a0\u00a0\u00a0\u00a0\u00a0\u00a0\u00a0\u00a0\u00a0\u00a0\u00a0\u00a0\u00a0\u00a0\u00a0\u00a0\u00a0\u00a0\u00a0\u00a0\u00a0\u00a0\u00a0\u00a0\u00a0\u00a0\u00a0\u00a0\u00a0\u00a0\u00a0\u00a0\u00a0\u00a0 J.BRAHMS<\/em><\/strong><\/p>\n<p><em>ELIANE REYES<\/em><\/p>\n<p><em>JEAN-CLAUDE VANDEN EYNDEN<\/em><\/p>\n<p><strong><em>Piano Four Hands<\/em><\/strong><\/p>\n<p>&nbsp;<\/p>\n<p>En attendant le plaisir de vous accueillir, nous vous prions de croire, Mesdames, Messieurs en l\u2019expression de nos sentiments les meilleurs.<\/p>\n<p>Chantal Lobert\u00a0\u00a0\u00a0\u00a0\u00a0\u00a0\u00a0\u00a0\u00a0 \u00a0\u00a0\u00a0\u00a0\u00a0\u00a0\u00a0\u00a0\u00a0\u00a0\u00a0Jos\u00e9e Deriu\u00a0\u00a0\u00a0\u00a0\u00a0\u00a0\u00a0 \u00a0\u00a0\u00a0\u00a0\u00a0\u00a0\u00a0\u00a0\u00a0\u00a0\u00a0\u00a0\u00a0\u00a0\u00a0\u00a0\u00a0\u00a0\u00a0\u00a0\u00a0Philippe Delaunois<\/p>\n<p style=\"text-align: center;\"><img loading=\"lazy\" class=\"aligncenter size-medium wp-image-2464\" src=\"https:\/\/www.fondationchopin.org\/wp-content\/uploads\/2024\/03\/1711122642831blob-300x200.jpg\" alt=\"\" width=\"300\" height=\"200\" srcset=\"https:\/\/www.fondationchopin.org\/wp-content\/uploads\/2024\/03\/1711122642831blob-300x200.jpg 300w, https:\/\/www.fondationchopin.org\/wp-content\/uploads\/2024\/03\/1711122642831blob-1024x681.jpg 1024w, https:\/\/www.fondationchopin.org\/wp-content\/uploads\/2024\/03\/1711122642831blob-768x511.jpg 768w, https:\/\/www.fondationchopin.org\/wp-content\/uploads\/2024\/03\/1711122642831blob-1536x1022.jpg 1536w, https:\/\/www.fondationchopin.org\/wp-content\/uploads\/2024\/03\/1711122642831blob-2048x1362.jpg 2048w, https:\/\/www.fondationchopin.org\/wp-content\/uploads\/2024\/03\/1711122642831blob-scaled.jpg 800w\" sizes=\"(max-width: 300px) 100vw, 300px\" \/><\/p>\n<p style=\"text-align: center;\"><img loading=\"lazy\" class=\"aligncenter size-medium wp-image-2465\" src=\"https:\/\/www.fondationchopin.org\/wp-content\/uploads\/2024\/03\/1711122701016blob-300x200.jpg\" alt=\"\" width=\"300\" height=\"200\" srcset=\"https:\/\/www.fondationchopin.org\/wp-content\/uploads\/2024\/03\/1711122701016blob-300x200.jpg 300w, https:\/\/www.fondationchopin.org\/wp-content\/uploads\/2024\/03\/1711122701016blob-1024x681.jpg 1024w, https:\/\/www.fondationchopin.org\/wp-content\/uploads\/2024\/03\/1711122701016blob-768x511.jpg 768w, https:\/\/www.fondationchopin.org\/wp-content\/uploads\/2024\/03\/1711122701016blob-1536x1022.jpg 1536w, https:\/\/www.fondationchopin.org\/wp-content\/uploads\/2024\/03\/1711122701016blob-2048x1362.jpg 2048w, https:\/\/www.fondationchopin.org\/wp-content\/uploads\/2024\/03\/1711122701016blob-scaled.jpg 800w\" sizes=\"(max-width: 300px) 100vw, 300px\" \/><\/p>\n<p style=\"text-align: center;\"><img loading=\"lazy\" class=\"aligncenter size-medium wp-image-2476\" src=\"https:\/\/www.fondationchopin.org\/wp-content\/uploads\/2024\/03\/1711123550631blob-300x200.jpg\" alt=\"\" width=\"300\" height=\"200\" srcset=\"https:\/\/www.fondationchopin.org\/wp-content\/uploads\/2024\/03\/1711123550631blob-300x200.jpg 300w, https:\/\/www.fondationchopin.org\/wp-content\/uploads\/2024\/03\/1711123550631blob-1024x681.jpg 1024w, https:\/\/www.fondationchopin.org\/wp-content\/uploads\/2024\/03\/1711123550631blob-768x511.jpg 768w, https:\/\/www.fondationchopin.org\/wp-content\/uploads\/2024\/03\/1711123550631blob-1536x1022.jpg 1536w, https:\/\/www.fondationchopin.org\/wp-content\/uploads\/2024\/03\/1711123550631blob-2048x1362.jpg 2048w, https:\/\/www.fondationchopin.org\/wp-content\/uploads\/2024\/03\/1711123550631blob-scaled.jpg 800w\" sizes=\"(max-width: 300px) 100vw, 300px\" \/><\/p>\n<p style=\"text-align: center;\"><img loading=\"lazy\" class=\"aligncenter size-medium wp-image-2468\" src=\"https:\/\/www.fondationchopin.org\/wp-content\/uploads\/2024\/03\/1711123041126blob-300x200.jpg\" alt=\"\" width=\"300\" height=\"200\" srcset=\"https:\/\/www.fondationchopin.org\/wp-content\/uploads\/2024\/03\/1711123041126blob-300x200.jpg 300w, https:\/\/www.fondationchopin.org\/wp-content\/uploads\/2024\/03\/1711123041126blob-1024x681.jpg 1024w, https:\/\/www.fondationchopin.org\/wp-content\/uploads\/2024\/03\/1711123041126blob-768x511.jpg 768w, https:\/\/www.fondationchopin.org\/wp-content\/uploads\/2024\/03\/1711123041126blob-1536x1022.jpg 1536w, https:\/\/www.fondationchopin.org\/wp-content\/uploads\/2024\/03\/1711123041126blob-2048x1362.jpg 2048w, https:\/\/www.fondationchopin.org\/wp-content\/uploads\/2024\/03\/1711123041126blob-scaled.jpg 800w\" sizes=\"(max-width: 300px) 100vw, 300px\" \/><\/p>\n<p style=\"text-align: center;\"><img loading=\"lazy\" class=\"aligncenter size-medium wp-image-2466\" src=\"https:\/\/www.fondationchopin.org\/wp-content\/uploads\/2024\/03\/1711122868642blob-300x200.jpg\" alt=\"\" width=\"300\" height=\"200\" srcset=\"https:\/\/www.fondationchopin.org\/wp-content\/uploads\/2024\/03\/1711122868642blob-300x200.jpg 300w, https:\/\/www.fondationchopin.org\/wp-content\/uploads\/2024\/03\/1711122868642blob-1024x681.jpg 1024w, https:\/\/www.fondationchopin.org\/wp-content\/uploads\/2024\/03\/1711122868642blob-768x511.jpg 768w, https:\/\/www.fondationchopin.org\/wp-content\/uploads\/2024\/03\/1711122868642blob-1536x1022.jpg 1536w, https:\/\/www.fondationchopin.org\/wp-content\/uploads\/2024\/03\/1711122868642blob-2048x1362.jpg 2048w, https:\/\/www.fondationchopin.org\/wp-content\/uploads\/2024\/03\/1711122868642blob-scaled.jpg 800w\" sizes=\"(max-width: 300px) 100vw, 300px\" \/><\/p>\n<p style=\"text-align: center;\"><img loading=\"lazy\" class=\"aligncenter size-medium wp-image-2467\" src=\"https:\/\/www.fondationchopin.org\/wp-content\/uploads\/2024\/03\/1711122980652blob-300x200.jpg\" alt=\"\" width=\"300\" height=\"200\" srcset=\"https:\/\/www.fondationchopin.org\/wp-content\/uploads\/2024\/03\/1711122980652blob-300x200.jpg 300w, https:\/\/www.fondationchopin.org\/wp-content\/uploads\/2024\/03\/1711122980652blob-1024x681.jpg 1024w, https:\/\/www.fondationchopin.org\/wp-content\/uploads\/2024\/03\/1711122980652blob-768x511.jpg 768w, https:\/\/www.fondationchopin.org\/wp-content\/uploads\/2024\/03\/1711122980652blob-1536x1022.jpg 1536w, https:\/\/www.fondationchopin.org\/wp-content\/uploads\/2024\/03\/1711122980652blob-2048x1362.jpg 2048w, https:\/\/www.fondationchopin.org\/wp-content\/uploads\/2024\/03\/1711122980652blob-scaled.jpg 800w\" sizes=\"(max-width: 300px) 100vw, 300px\" \/><\/p>\n<p style=\"text-align: center;\"><img loading=\"lazy\" class=\"aligncenter size-medium wp-image-2477\" src=\"https:\/\/www.fondationchopin.org\/wp-content\/uploads\/2024\/03\/1711123633771blob-300x200.jpg\" alt=\"\" width=\"300\" height=\"200\" srcset=\"https:\/\/www.fondationchopin.org\/wp-content\/uploads\/2024\/03\/1711123633771blob-300x200.jpg 300w, https:\/\/www.fondationchopin.org\/wp-content\/uploads\/2024\/03\/1711123633771blob-1024x681.jpg 1024w, https:\/\/www.fondationchopin.org\/wp-content\/uploads\/2024\/03\/1711123633771blob-768x511.jpg 768w, https:\/\/www.fondationchopin.org\/wp-content\/uploads\/2024\/03\/1711123633771blob-1536x1022.jpg 1536w, https:\/\/www.fondationchopin.org\/wp-content\/uploads\/2024\/03\/1711123633771blob-2048x1362.jpg 2048w, https:\/\/www.fondationchopin.org\/wp-content\/uploads\/2024\/03\/1711123633771blob-scaled.jpg 800w\" sizes=\"(max-width: 300px) 100vw, 300px\" \/><\/p>\n<p style=\"text-align: center;\"><img loading=\"lazy\" class=\"aligncenter size-medium wp-image-2474\" src=\"https:\/\/www.fondationchopin.org\/wp-content\/uploads\/2024\/03\/1711123430117blob-300x200.jpg\" alt=\"\" width=\"300\" height=\"200\" srcset=\"https:\/\/www.fondationchopin.org\/wp-content\/uploads\/2024\/03\/1711123430117blob-300x200.jpg 300w, https:\/\/www.fondationchopin.org\/wp-content\/uploads\/2024\/03\/1711123430117blob-1024x681.jpg 1024w, https:\/\/www.fondationchopin.org\/wp-content\/uploads\/2024\/03\/1711123430117blob-768x511.jpg 768w, https:\/\/www.fondationchopin.org\/wp-content\/uploads\/2024\/03\/1711123430117blob-1536x1022.jpg 1536w, https:\/\/www.fondationchopin.org\/wp-content\/uploads\/2024\/03\/1711123430117blob-2048x1362.jpg 2048w, https:\/\/www.fondationchopin.org\/wp-content\/uploads\/2024\/03\/1711123430117blob-scaled.jpg 800w\" sizes=\"(max-width: 300px) 100vw, 300px\" \/><\/p>\n<p style=\"text-align: center;\"><img loading=\"lazy\" class=\"aligncenter size-medium wp-image-2472\" src=\"https:\/\/www.fondationchopin.org\/wp-content\/uploads\/2024\/03\/1711123217785blob-300x200.jpg\" alt=\"\" width=\"300\" height=\"200\" srcset=\"https:\/\/www.fondationchopin.org\/wp-content\/uploads\/2024\/03\/1711123217785blob-300x200.jpg 300w, https:\/\/www.fondationchopin.org\/wp-content\/uploads\/2024\/03\/1711123217785blob-1024x681.jpg 1024w, https:\/\/www.fondationchopin.org\/wp-content\/uploads\/2024\/03\/1711123217785blob-768x511.jpg 768w, https:\/\/www.fondationchopin.org\/wp-content\/uploads\/2024\/03\/1711123217785blob-1536x1022.jpg 1536w, https:\/\/www.fondationchopin.org\/wp-content\/uploads\/2024\/03\/1711123217785blob-2048x1362.jpg 2048w, https:\/\/www.fondationchopin.org\/wp-content\/uploads\/2024\/03\/1711123217785blob-scaled.jpg 800w\" sizes=\"(max-width: 300px) 100vw, 300px\" \/><\/p>\n<p style=\"text-align: center;\"><img loading=\"lazy\" class=\"aligncenter size-medium wp-image-2473\" src=\"https:\/\/www.fondationchopin.org\/wp-content\/uploads\/2024\/03\/1711123350189blob-300x200.jpg\" alt=\"\" width=\"300\" height=\"200\" srcset=\"https:\/\/www.fondationchopin.org\/wp-content\/uploads\/2024\/03\/1711123350189blob-300x200.jpg 300w, https:\/\/www.fondationchopin.org\/wp-content\/uploads\/2024\/03\/1711123350189blob-1024x681.jpg 1024w, https:\/\/www.fondationchopin.org\/wp-content\/uploads\/2024\/03\/1711123350189blob-768x511.jpg 768w, https:\/\/www.fondationchopin.org\/wp-content\/uploads\/2024\/03\/1711123350189blob-1536x1022.jpg 1536w, https:\/\/www.fondationchopin.org\/wp-content\/uploads\/2024\/03\/1711123350189blob-2048x1362.jpg 2048w, https:\/\/www.fondationchopin.org\/wp-content\/uploads\/2024\/03\/1711123350189blob-scaled.jpg 800w\" sizes=\"(max-width: 300px) 100vw, 300px\" \/><\/p>\n","protected":false},"excerpt":{"rendered":"<p>SOUS LE HAUT PATRONAGE ET EN PRESENCE DE SEM RAFAL SIEMIANOWSKI AMBASSADEUR DE LA REPUBLIQUE DE POLOGNE AUPRES DU ROYAUME DE BELGIQUE Mesdames, Messieurs, Chers Amis de la Fondation Stichting Stiftung Chopin, Le Conseil d\u2019administration a l\u2019honneur de vous convier \u00e0 un concert organis\u00e9 dans les Salons de l\u2019Ambassade de la R\u00e9publique de Pologne, avenue &hellip; <a class=\"next\" href=\"https:\/\/www.fondationchopin.org\/fr\/index.php\/concert-of-september-28th-2023\/\">Lire la suite<\/a><\/p>\n","protected":false},"author":8,"featured_media":0,"comment_status":"open","ping_status":"open","sticky":false,"template":"","format":"standard","meta":[],"categories":[5],"tags":[],"_links":{"self":[{"href":"https:\/\/www.fondationchopin.org\/fr\/index.php\/wp-json\/wp\/v2\/posts\/2438"}],"collection":[{"href":"https:\/\/www.fondationchopin.org\/fr\/index.php\/wp-json\/wp\/v2\/posts"}],"about":[{"href":"https:\/\/www.fondationchopin.org\/fr\/index.php\/wp-json\/wp\/v2\/types\/post"}],"author":[{"embeddable":true,"href":"https:\/\/www.fondationchopin.org\/fr\/index.php\/wp-json\/wp\/v2\/users\/8"}],"replies":[{"embeddable":true,"href":"https:\/\/www.fondationchopin.org\/fr\/index.php\/wp-json\/wp\/v2\/comments?post=2438"}],"version-history":[{"count":9,"href":"https:\/\/www.fondationchopin.org\/fr\/index.php\/wp-json\/wp\/v2\/posts\/2438\/revisions"}],"predecessor-version":[{"id":2486,"href":"https:\/\/www.fondationchopin.org\/fr\/index.php\/wp-json\/wp\/v2\/posts\/2438\/revisions\/2486"}],"wp:attachment":[{"href":"https:\/\/www.fondationchopin.org\/fr\/index.php\/wp-json\/wp\/v2\/media?parent=2438"}],"wp:term":[{"taxonomy":"category","embeddable":true,"href":"https:\/\/www.fondationchopin.org\/fr\/index.php\/wp-json\/wp\/v2\/categories?post=2438"},{"taxonomy":"post_tag","embeddable":true,"href":"https:\/\/www.fondationchopin.org\/fr\/index.php\/wp-json\/wp\/v2\/tags?post=2438"}],"curies":[{"name":"wp","href":"https:\/\/api.w.org\/{rel}","templated":true}]}}