{"id":244,"date":"2012-01-31T13:07:02","date_gmt":"2012-01-31T13:07:02","guid":{"rendered":"http:\/\/127.0.0.1\/Chopin\/?p=244"},"modified":"2012-11-29T19:23:47","modified_gmt":"2012-11-29T19:23:47","slug":"20-octobre-2011-concert-maitre-jean-claude-vanden-eynden-lorenzo-gatto-cathedrale-saint-aubain-a-namur","status":"publish","type":"post","link":"https:\/\/www.fondationchopin.org\/fr\/index.php\/20-octobre-2011-concert-maitre-jean-claude-vanden-eynden-lorenzo-gatto-cathedrale-saint-aubain-a-namur\/","title":{"rendered":"20 octobre 2011 &#8211; Concert &#8211; Ma\u00eetre Jean Claude Vanden Eynden, Lorenzo Gatto &#8211; Cath\u00e9drale Saint Aubain \u00e0 Namur"},"content":{"rendered":"<h4>Concert de Gala exceptionnel donn\u00e9 par Ma\u00eetre Jean Claude Vanden Eynden et le laur\u00e9at du Concours Reine Elisabeth et Fondation Chopin 2008\u00a0 Lorenzo Gatto.<\/h4>\n<p>R\u00e9ception au Palais Provincial du Gouverneur de la Province de Namur pour les membres de la Fondation Chopin.<br \/>\nUn jeune laur\u00e9at de la Fondation Chopin, \u00e9lu par Mr le Gouverneur Mathen et le Coll\u00e8ge Echevinal de la ville de Namur sera pr\u00e9sent\u00e9 au public.<!--more--><\/p>\n<p>Programme :<br \/>\nJ.Brahms 1\u00b0sonate pour violon et piano opus 78<br \/>\nC.Debussy Sonate pour piano et violon<\/p>\n<p>Pr\u00e9sentation du laur\u00e9at \u00ab Fondation Chopin \u00bb 2012 \u00e9lu par Mr. Le Gouverneur Mathen et le Coll\u00e8ge Echevinal de la Ville de Namur.<\/p>\n<p>F.Chopin Polonaise Fantaisie Opus 61<br \/>\nC.Franck Sonate pour violon et piano<\/p>\n<p><a href=\"http:\/\/www.fondationchopin.org\/wp-content\/uploads\/2012\/01\/DSC00796.jpg\"><img loading=\"lazy\" class=\"alignleft size-thumbnail wp-image-547\" title=\"Le public dans la cath\u00e9drale St Aubain\" src=\"http:\/\/www.fondationchopin.org\/wp-content\/uploads\/2012\/01\/DSC00796-140x140.jpg\" alt=\"Le public dans la cath\u00e9drale St Aubain\" width=\"140\" height=\"140\" \/><\/a><a href=\"http:\/\/www.fondationchopin.org\/wp-content\/uploads\/2012\/01\/DSC00791.jpg\"><img loading=\"lazy\" class=\"alignleft size-thumbnail wp-image-546\" title=\"DSC00791\" src=\"http:\/\/www.fondationchopin.org\/wp-content\/uploads\/2012\/01\/DSC00791-140x140.jpg\" alt=\"\" width=\"140\" height=\"140\" \/><\/a><a href=\"http:\/\/www.fondationchopin.org\/wp-content\/uploads\/2012\/01\/DSC00806.jpg\"><img loading=\"lazy\" class=\"alignleft size-thumbnail wp-image-548\" title=\"DSC00806\" src=\"http:\/\/www.fondationchopin.org\/wp-content\/uploads\/2012\/01\/DSC00806-140x140.jpg\" alt=\"\" width=\"140\" height=\"140\" \/><\/a><a href=\"http:\/\/www.fondationchopin.org\/wp-content\/uploads\/2012\/01\/DSC00820.jpg\"><img loading=\"lazy\" class=\"alignleft size-thumbnail wp-image-549\" title=\"DSC00820\" src=\"http:\/\/www.fondationchopin.org\/wp-content\/uploads\/2012\/01\/DSC00820-140x140.jpg\" alt=\"\" width=\"140\" height=\"140\" \/><\/a><a href=\"http:\/\/www.fondationchopin.org\/wp-content\/uploads\/2012\/01\/DSC00844.jpg\"><img loading=\"lazy\" class=\"alignleft size-thumbnail wp-image-551\" title=\"DSC00844\" src=\"http:\/\/www.fondationchopin.org\/wp-content\/uploads\/2012\/01\/DSC00844-140x140.jpg\" alt=\"\" width=\"140\" height=\"140\" srcset=\"https:\/\/www.fondationchopin.org\/wp-content\/uploads\/2012\/01\/DSC00844-140x140.jpg 140w, https:\/\/www.fondationchopin.org\/wp-content\/uploads\/2012\/01\/DSC00844-500x500.jpg 500w\" sizes=\"(max-width: 140px) 100vw, 140px\" \/><\/a><a href=\"http:\/\/www.fondationchopin.org\/wp-content\/uploads\/2012\/01\/DSC00826.jpg\"><img loading=\"lazy\" class=\"alignleft size-thumbnail wp-image-550\" title=\"DSC00826\" src=\"http:\/\/www.fondationchopin.org\/wp-content\/uploads\/2012\/01\/DSC00826-140x140.jpg\" alt=\"\" width=\"140\" height=\"140\" \/><\/a><a href=\"http:\/\/www.fondationchopin.org\/wp-content\/uploads\/2012\/01\/DSC00846-dalem.jpg\"><img loading=\"lazy\" class=\"alignleft size-thumbnail wp-image-552\" title=\"DSC00846-dalem\" src=\"http:\/\/www.fondationchopin.org\/wp-content\/uploads\/2012\/01\/DSC00846-dalem-140x140.jpg\" alt=\"\" width=\"140\" height=\"140\" \/><\/a><\/p>\n<p>&nbsp;<\/p>\n<p>&nbsp;<\/p>\n<p>&nbsp;<\/p>\n<p>&nbsp;<\/p>\n<p style=\"text-align: left;\">\n","protected":false},"excerpt":{"rendered":"<p>Concert de Gala exceptionnel donn\u00e9 par Ma\u00eetre Jean Claude Vanden Eynden et le laur\u00e9at du Concours Reine Elisabeth et Fondation Chopin 2008\u00a0 Lorenzo Gatto. R\u00e9ception au Palais Provincial du Gouverneur de la Province de Namur pour les membres de la Fondation Chopin. Un jeune laur\u00e9at de la Fondation Chopin, \u00e9lu par Mr le Gouverneur Mathen &hellip; <a class=\"next\" href=\"https:\/\/www.fondationchopin.org\/fr\/index.php\/20-octobre-2011-concert-maitre-jean-claude-vanden-eynden-lorenzo-gatto-cathedrale-saint-aubain-a-namur\/\">Lire la suite<\/a><\/p>\n","protected":false},"author":8,"featured_media":0,"comment_status":"open","ping_status":"open","sticky":false,"template":"","format":"standard","meta":[],"categories":[5],"tags":[],"_links":{"self":[{"href":"https:\/\/www.fondationchopin.org\/fr\/index.php\/wp-json\/wp\/v2\/posts\/244"}],"collection":[{"href":"https:\/\/www.fondationchopin.org\/fr\/index.php\/wp-json\/wp\/v2\/posts"}],"about":[{"href":"https:\/\/www.fondationchopin.org\/fr\/index.php\/wp-json\/wp\/v2\/types\/post"}],"author":[{"embeddable":true,"href":"https:\/\/www.fondationchopin.org\/fr\/index.php\/wp-json\/wp\/v2\/users\/8"}],"replies":[{"embeddable":true,"href":"https:\/\/www.fondationchopin.org\/fr\/index.php\/wp-json\/wp\/v2\/comments?post=244"}],"version-history":[{"count":10,"href":"https:\/\/www.fondationchopin.org\/fr\/index.php\/wp-json\/wp\/v2\/posts\/244\/revisions"}],"predecessor-version":[{"id":513,"href":"https:\/\/www.fondationchopin.org\/fr\/index.php\/wp-json\/wp\/v2\/posts\/244\/revisions\/513"}],"wp:attachment":[{"href":"https:\/\/www.fondationchopin.org\/fr\/index.php\/wp-json\/wp\/v2\/media?parent=244"}],"wp:term":[{"taxonomy":"category","embeddable":true,"href":"https:\/\/www.fondationchopin.org\/fr\/index.php\/wp-json\/wp\/v2\/categories?post=244"},{"taxonomy":"post_tag","embeddable":true,"href":"https:\/\/www.fondationchopin.org\/fr\/index.php\/wp-json\/wp\/v2\/tags?post=244"}],"curies":[{"name":"wp","href":"https:\/\/api.w.org\/{rel}","templated":true}]}}