{"id":2616,"date":"2024-10-07T12:43:14","date_gmt":"2024-10-07T12:43:14","guid":{"rendered":"https:\/\/www.fondationchopin.org\/?p=2616"},"modified":"2024-10-07T12:49:38","modified_gmt":"2024-10-07T12:49:38","slug":"remise-de-decorations","status":"publish","type":"post","link":"https:\/\/www.fondationchopin.org\/fr\/index.php\/remise-de-decorations\/","title":{"rendered":"Remise de d\u00e9corations"},"content":{"rendered":"<h4>LE 28 SEPTEMBRE 2024 LORS DU CONCERT DE GALA DE LA FONDATION STICHTING CHOPIN<\/h4>\n<p>Madame la Vice- Pr\u00e9sidente Jos\u00e9e Deriu et Monsieur l\u2019Administrateur Baudouin Theunissen ont \u00e9t\u00e9 d\u00e9cor\u00e9s pour leur contribution au d\u00e9veloppement de la Fondation Stichting Stiftung Chopin de la M\u00e9daille \u00ab L\u2019 ORDRE DU MERITE CULTUREL \u00bb par le Ministre de la Culture de la R\u00e9publique de Pologne.<\/p>\n<p>Le Pr\u00e9sident d\u2019Honneur de la Fondation Stichting Stiftung Chopin ,<br \/>\nLe Chevalier Jean-Claude Vanden Eynden a \u00e9t\u00e9 d\u00e9cor\u00e9 pour son apport exceptionnel et son soutien aux jeunes talents musicaux par le Ministre de la Culture de la R\u00e9publique de Pologne de la M\u00e9daille \u00ab L\u2019ORDRE DU MERITE CULTUREL \u00bb,<\/p>\n<p>Le consul honoraire Monsieur Jean-Charles Wibo a \u00e9t\u00e9 d\u00e9cor\u00e9 de la D\u00e9coration \u00ab BENE MERITO \u00bb par le Ministre des Affaires Etrang\u00e8res pour sa contribution au renforcement des relations \u00e9conomiques belgo-polonaises en Belgique.<\/p>\n<p>La Pr\u00e9sidente Fondatrice Madame Chantal Lobert a \u00e9t\u00e9 d\u00e9cor\u00e9e pour son d\u00e9vouement exceptionnel au rayonnement culturel de la Pologne \u00e0 travers son action dans la Fondation Stichting Stiftung Chopin de la \u00ab CROIX DU MERITE EN OR \u00bb par le Pr\u00e9sident de la R\u00e9publique de Pologne.<\/p>\n","protected":false},"excerpt":{"rendered":"<p>LE 28 SEPTEMBRE 2024 LORS DU CONCERT DE GALA DE LA FONDATION STICHTING CHOPIN Madame la Vice- Pr\u00e9sidente Jos\u00e9e Deriu et Monsieur l\u2019Administrateur Baudouin Theunissen ont \u00e9t\u00e9 d\u00e9cor\u00e9s pour leur contribution au d\u00e9veloppement de la Fondation Stichting Stiftung Chopin de la M\u00e9daille \u00ab L\u2019 ORDRE DU MERITE CULTUREL \u00bb par le Ministre de la Culture &hellip; <a class=\"next\" href=\"https:\/\/www.fondationchopin.org\/fr\/index.php\/remise-de-decorations\/\">Lire la suite<\/a><\/p>\n","protected":false},"author":8,"featured_media":0,"comment_status":"open","ping_status":"open","sticky":false,"template":"","format":"standard","meta":[],"categories":[4],"tags":[],"_links":{"self":[{"href":"https:\/\/www.fondationchopin.org\/fr\/index.php\/wp-json\/wp\/v2\/posts\/2616"}],"collection":[{"href":"https:\/\/www.fondationchopin.org\/fr\/index.php\/wp-json\/wp\/v2\/posts"}],"about":[{"href":"https:\/\/www.fondationchopin.org\/fr\/index.php\/wp-json\/wp\/v2\/types\/post"}],"author":[{"embeddable":true,"href":"https:\/\/www.fondationchopin.org\/fr\/index.php\/wp-json\/wp\/v2\/users\/8"}],"replies":[{"embeddable":true,"href":"https:\/\/www.fondationchopin.org\/fr\/index.php\/wp-json\/wp\/v2\/comments?post=2616"}],"version-history":[{"count":9,"href":"https:\/\/www.fondationchopin.org\/fr\/index.php\/wp-json\/wp\/v2\/posts\/2616\/revisions"}],"predecessor-version":[{"id":2627,"href":"https:\/\/www.fondationchopin.org\/fr\/index.php\/wp-json\/wp\/v2\/posts\/2616\/revisions\/2627"}],"wp:attachment":[{"href":"https:\/\/www.fondationchopin.org\/fr\/index.php\/wp-json\/wp\/v2\/media?parent=2616"}],"wp:term":[{"taxonomy":"category","embeddable":true,"href":"https:\/\/www.fondationchopin.org\/fr\/index.php\/wp-json\/wp\/v2\/categories?post=2616"},{"taxonomy":"post_tag","embeddable":true,"href":"https:\/\/www.fondationchopin.org\/fr\/index.php\/wp-json\/wp\/v2\/tags?post=2616"}],"curies":[{"name":"wp","href":"https:\/\/api.w.org\/{rel}","templated":true}]}}