{"id":2820,"date":"2026-01-20T15:29:15","date_gmt":"2026-01-20T15:29:15","guid":{"rendered":"https:\/\/www.fondationchopin.org\/?p=2820"},"modified":"2026-01-20T15:30:26","modified_gmt":"2026-01-20T15:30:26","slug":"le-6-decembre-2025-lors-du-concert-de-gala-de-la-fondation-stichting-chopin","status":"publish","type":"post","link":"https:\/\/www.fondationchopin.org\/fr\/index.php\/le-6-decembre-2025-lors-du-concert-de-gala-de-la-fondation-stichting-chopin\/","title":{"rendered":"Le 6 d\u00e9cembre 2025 lors du concert de gala de la Fondation Stichting Chopin"},"content":{"rendered":"<p>Madame la Chef de la Mission Diplomatique de la R\u00e9publique de Pologne aupr\u00e8s du Royaume de Belgique, Madame Sikorska a remis l&rsquo;Ordre du M\u00e9rite Culturel d\u00e9cern\u00e9 par le Ministre de la Culture de la R\u00e9publique de Pologne \u00e0 notre tr\u00e9sorier, co-fondateur de la Fondation Priv\u00e9e Monsieur Philippe Delaunois.<\/p>\n<p>Le Conseil d&rsquo;Administration de la Fondation Chopin t\u00e9moigne de toute sa gratitude pour le d\u00e9vouement et l&rsquo;aide apport\u00e9e \u00e0 son d\u00e9veloppement.<\/p>\n","protected":false},"excerpt":{"rendered":"<p>Madame la Chef de la Mission Diplomatique de la R\u00e9publique de Pologne aupr\u00e8s du Royaume de Belgique, Madame Sikorska a remis l&rsquo;Ordre du M\u00e9rite Culturel d\u00e9cern\u00e9 par le Ministre de la Culture de la R\u00e9publique de Pologne \u00e0 notre tr\u00e9sorier, co-fondateur de la Fondation Priv\u00e9e Monsieur Philippe Delaunois. Le Conseil d&rsquo;Administration de la Fondation Chopin &hellip; <a class=\"next\" href=\"https:\/\/www.fondationchopin.org\/fr\/index.php\/le-6-decembre-2025-lors-du-concert-de-gala-de-la-fondation-stichting-chopin\/\">Lire la suite<\/a><\/p>\n","protected":false},"author":8,"featured_media":0,"comment_status":"open","ping_status":"open","sticky":false,"template":"","format":"standard","meta":[],"categories":[4],"tags":[],"_links":{"self":[{"href":"https:\/\/www.fondationchopin.org\/fr\/index.php\/wp-json\/wp\/v2\/posts\/2820"}],"collection":[{"href":"https:\/\/www.fondationchopin.org\/fr\/index.php\/wp-json\/wp\/v2\/posts"}],"about":[{"href":"https:\/\/www.fondationchopin.org\/fr\/index.php\/wp-json\/wp\/v2\/types\/post"}],"author":[{"embeddable":true,"href":"https:\/\/www.fondationchopin.org\/fr\/index.php\/wp-json\/wp\/v2\/users\/8"}],"replies":[{"embeddable":true,"href":"https:\/\/www.fondationchopin.org\/fr\/index.php\/wp-json\/wp\/v2\/comments?post=2820"}],"version-history":[{"count":3,"href":"https:\/\/www.fondationchopin.org\/fr\/index.php\/wp-json\/wp\/v2\/posts\/2820\/revisions"}],"predecessor-version":[{"id":2822,"href":"https:\/\/www.fondationchopin.org\/fr\/index.php\/wp-json\/wp\/v2\/posts\/2820\/revisions\/2822"}],"wp:attachment":[{"href":"https:\/\/www.fondationchopin.org\/fr\/index.php\/wp-json\/wp\/v2\/media?parent=2820"}],"wp:term":[{"taxonomy":"category","embeddable":true,"href":"https:\/\/www.fondationchopin.org\/fr\/index.php\/wp-json\/wp\/v2\/categories?post=2820"},{"taxonomy":"post_tag","embeddable":true,"href":"https:\/\/www.fondationchopin.org\/fr\/index.php\/wp-json\/wp\/v2\/tags?post=2820"}],"curies":[{"name":"wp","href":"https:\/\/api.w.org\/{rel}","templated":true}]}}