{"id":323,"date":"2012-10-09T19:41:36","date_gmt":"2012-10-09T19:41:36","guid":{"rendered":"http:\/\/127.0.0.1\/Chopin\/?p=323"},"modified":"2013-11-15T13:37:19","modified_gmt":"2013-11-15T13:37:19","slug":"jeudi-20-decembre-2012-concert-de-noel-hotel-de-ville-de-la-grand-place-de-bruxelles","status":"publish","type":"post","link":"https:\/\/www.fondationchopin.org\/fr\/index.php\/jeudi-20-decembre-2012-concert-de-noel-hotel-de-ville-de-la-grand-place-de-bruxelles\/","title":{"rendered":"Concert de No\u00ebl, jeudi 20 d\u00e9cembre 2012, \u00e0 l\u2019h\u00f4tel de Ville de la Grand Place de Bruxelles"},"content":{"rendered":"<p>R\u00e9cital piano et violon &#8211; H\u00f4tel de Ville de la Grand Place de Bruxelles &#8211;\u00a020 d\u00e9cembre 2012.<!--more--><\/p>\n<p>Son Excellence \u2026.. Ambassadeur de la R\u00e9publique de Pologne nous\u00a0a fait\u00a0l\u2019honneur de sa pr\u00e9sence.<\/p>\n<p>Ce concert de No\u00ebl \u00e9tait exceptionnel car interpr\u00e9t\u00e9 par deux musiciens li\u00e9s par une tendre affection, V\u00e9ronique Bogaerts et ma\u00eetre Jean-Claude Vanden Eynden, deux laur\u00e9ats du concours musical international Reine Elisabeth formant probablement le couple belge de musiciens le plus complice et plus attachant.<\/p>\n<p>La p\u00e9riode festive, la fascinante Grand Place illumin\u00e9e et d\u00e9cor\u00e9e de son sapin, sa cr\u00e8che vivante, son riche march\u00e9, c\u2019est \u00e7a la magie de No\u00ebl !<\/p>\n<p>Nous\u00a0y avons pr\u00e9sent\u00e9\u00a0notre laur\u00e9at 2013, Yannick Van de Velde, parrain\u00e9 par la soci\u00e9t\u00e9 USG People, repr\u00e9sent\u00e9e par Monsieur Walter Beyers et\u00a0quelques jeunes talents.<\/p>\n<p>Le concert\u00a0fut suivi d\u2019une r\u00e9ception.<\/p>\n<p>Nous tenons tout sp\u00e9cialement \u00e0 remercier Monsieur Freddy Thielemans, Bourgmestre de la Ville de Bruxelles et Monsieur Hamza Fassi-Fihri, Echevin de la Culture, de l\u2019Emploi, de la Formation et de l\u2019Etat civil de la Ville de Bruxelles pour nous avoir permis d\u2019organiser notre concert dans le magnifique cadre de leur h\u00f4tel de Ville.<\/p>\n<p>Merci \u00e9galement \u00e0 nos Sponsors : USG People, FCE-VVB, Start People, Express Medical et Ricoh.<br \/>\n<a href=\"http:\/\/www.fondationchopin.org\/wp-content\/uploads\/2012\/10\/DSC03026.jpg\" rel=\"lightbox\"><img loading=\"lazy\" class=\"alignleft size-thumbnail wp-image-641\" alt=\"DSC03026\" src=\"http:\/\/www.fondationchopin.org\/wp-content\/uploads\/2012\/10\/DSC03026-140x140.jpg\" rel=\"lightbox\" width=\"140\" height=\"140\" \/><\/a><a href=\"http:\/\/www.fondationchopin.org\/wp-content\/uploads\/2012\/10\/DSC03032.jpg\" rel=\"lightbox\"><img loading=\"lazy\" class=\"alignleft size-thumbnail wp-image-642\" alt=\"DSC03032\" src=\"http:\/\/www.fondationchopin.org\/wp-content\/uploads\/2012\/10\/DSC03032-140x140.jpg\" width=\"140\" height=\"140\" \/><\/a> <a href=\"http:\/\/www.fondationchopin.org\/wp-content\/uploads\/2012\/10\/DSC03146.jpg\"><img loading=\"lazy\" class=\"size-thumbnail wp-image-655 alignleft\" alt=\"DSC03146\" src=\"http:\/\/www.fondationchopin.org\/wp-content\/uploads\/2012\/10\/DSC03146-140x140.jpg\" width=\"140\" height=\"140\" \/><\/a> <a href=\"http:\/\/www.fondationchopin.org\/wp-content\/uploads\/2012\/10\/DSC03009.jpg\"><img loading=\"lazy\" class=\"alignleft size-thumbnail wp-image-639\" alt=\"DSC03009\" src=\"http:\/\/www.fondationchopin.org\/wp-content\/uploads\/2012\/10\/DSC03009-140x140.jpg\" width=\"140\" height=\"140\" \/><\/a> <a href=\"http:\/\/www.fondationchopin.org\/wp-content\/uploads\/2012\/10\/DSC02998.jpg\"><img loading=\"lazy\" class=\"alignleft size-thumbnail wp-image-638\" alt=\"DSC02998\" src=\"http:\/\/www.fondationchopin.org\/wp-content\/uploads\/2012\/10\/DSC02998-140x140.jpg\" width=\"140\" height=\"140\" \/><\/a><a href=\"http:\/\/www.fondationchopin.org\/wp-content\/uploads\/2012\/10\/DSC03018.jpg\"><img loading=\"lazy\" class=\"alignleft size-thumbnail wp-image-640\" alt=\"DSC03018\" src=\"http:\/\/www.fondationchopin.org\/wp-content\/uploads\/2012\/10\/DSC03018-140x140.jpg\" width=\"140\" height=\"140\" \/><\/a><a href=\"http:\/\/www.fondationchopin.org\/wp-content\/uploads\/2012\/10\/DSC03089.jpg\"><img loading=\"lazy\" class=\"size-thumbnail wp-image-645 alignleft\" alt=\"DSC03089\" src=\"http:\/\/www.fondationchopin.org\/wp-content\/uploads\/2012\/10\/DSC03089-140x140.jpg\" width=\"140\" height=\"140\" \/><\/a><a href=\"http:\/\/www.fondationchopin.org\/wp-content\/uploads\/2012\/10\/DSC03045.jpg\"><img loading=\"lazy\" class=\"size-thumbnail wp-image-643 alignleft\" alt=\"DSC03045\" src=\"http:\/\/www.fondationchopin.org\/wp-content\/uploads\/2012\/10\/DSC03045-140x140.jpg\" width=\"140\" height=\"140\" \/><\/a><a href=\"http:\/\/www.fondationchopin.org\/wp-content\/uploads\/2012\/10\/DSC03076.jpg\"><img loading=\"lazy\" class=\"size-thumbnail wp-image-644 alignleft\" alt=\"DSC03076\" src=\"http:\/\/www.fondationchopin.org\/wp-content\/uploads\/2012\/10\/DSC03076-140x140.jpg\" width=\"140\" height=\"140\" \/><\/a><a href=\"http:\/\/www.fondationchopin.org\/wp-content\/uploads\/2012\/10\/DSC03113.jpg\"><img loading=\"lazy\" class=\"size-thumbnail wp-image-650 alignleft\" alt=\"DSC03113\" src=\"http:\/\/www.fondationchopin.org\/wp-content\/uploads\/2012\/10\/DSC03113-140x140.jpg\" width=\"140\" height=\"140\" \/><\/a><a href=\"http:\/\/www.fondationchopin.org\/wp-content\/uploads\/2012\/10\/DSC03122.jpg\"><img loading=\"lazy\" class=\"alignnone size-thumbnail wp-image-651\" alt=\"DSC03122\" src=\"http:\/\/www.fondationchopin.org\/wp-content\/uploads\/2012\/10\/DSC03122-140x140.jpg\" width=\"140\" height=\"140\" \/><\/a><a href=\"http:\/\/www.fondationchopin.org\/wp-content\/uploads\/2012\/10\/DSC03151.jpg\"><img loading=\"lazy\" class=\"size-thumbnail wp-image-656 alignleft\" alt=\"DSC03151\" src=\"http:\/\/www.fondationchopin.org\/wp-content\/uploads\/2012\/10\/DSC03151-140x140.jpg\" width=\"140\" height=\"140\" \/><\/a><a href=\"http:\/\/www.fondationchopin.org\/wp-content\/uploads\/2012\/10\/DSC03191.jpg\"><img loading=\"lazy\" class=\"alignleft size-thumbnail wp-image-659\" alt=\"DSC03191\" src=\"http:\/\/www.fondationchopin.org\/wp-content\/uploads\/2012\/10\/DSC03191-140x140.jpg\" width=\"140\" height=\"140\" \/><\/a><a href=\"http:\/\/www.fondationchopin.org\/wp-content\/uploads\/2012\/10\/DSC03139.jpg\"><img loading=\"lazy\" class=\"size-thumbnail wp-image-653 alignleft\" alt=\"DSC03139\" src=\"http:\/\/www.fondationchopin.org\/wp-content\/uploads\/2012\/10\/DSC03139-140x140.jpg\" width=\"140\" height=\"140\" \/><\/a><a href=\"http:\/\/www.fondationchopin.org\/wp-content\/uploads\/2012\/10\/DSC03110.jpg\"><img loading=\"lazy\" class=\"size-thumbnail wp-image-648 alignleft\" alt=\"DSC03110\" src=\"http:\/\/www.fondationchopin.org\/wp-content\/uploads\/2012\/10\/DSC03110-140x140.jpg\" width=\"140\" height=\"140\" \/><\/a><a href=\"http:\/\/www.fondationchopin.org\/wp-content\/uploads\/2012\/10\/DSC03108.jpg\"><img loading=\"lazy\" class=\"size-thumbnail wp-image-647 alignleft\" alt=\"DSC03108\" src=\"http:\/\/www.fondationchopin.org\/wp-content\/uploads\/2012\/10\/DSC03108-140x140.jpg\" width=\"140\" height=\"140\" \/><\/a><a href=\"http:\/\/www.fondationchopin.org\/wp-content\/uploads\/2012\/10\/DSC03112.jpg\"><img loading=\"lazy\" class=\"size-thumbnail wp-image-649 alignleft\" alt=\"DSC03112\" src=\"http:\/\/www.fondationchopin.org\/wp-content\/uploads\/2012\/10\/DSC03112-140x140.jpg\" width=\"140\" height=\"140\" \/><\/a><a href=\"http:\/\/www.fondationchopin.org\/wp-content\/uploads\/2012\/10\/DSC03141.jpg\"><img loading=\"lazy\" class=\"size-thumbnail wp-image-654 alignleft\" alt=\"DSC03141\" src=\"http:\/\/www.fondationchopin.org\/wp-content\/uploads\/2012\/10\/DSC03141-140x140.jpg\" width=\"140\" height=\"140\" \/><\/a><a href=\"http:\/\/www.fondationchopin.org\/wp-content\/uploads\/2012\/10\/DSC03102.jpg\"><img loading=\"lazy\" class=\"size-thumbnail wp-image-646 alignleft\" alt=\"DSC03102\" src=\"http:\/\/www.fondationchopin.org\/wp-content\/uploads\/2012\/10\/DSC03102-140x140.jpg\" width=\"140\" height=\"140\" \/><\/a><a href=\"http:\/\/www.fondationchopin.org\/wp-content\/uploads\/2012\/10\/DSC03179.jpg\"><img loading=\"lazy\" class=\"size-thumbnail wp-image-658 alignleft\" alt=\"DSC03179\" src=\"http:\/\/www.fondationchopin.org\/wp-content\/uploads\/2012\/10\/DSC03179-140x140.jpg\" width=\"140\" height=\"140\" \/><\/a><a href=\"http:\/\/www.fondationchopin.org\/wp-content\/uploads\/2012\/10\/DSC03178.jpg\"><img loading=\"lazy\" class=\"size-thumbnail wp-image-657 alignleft\" alt=\"DSC03178\" src=\"http:\/\/www.fondationchopin.org\/wp-content\/uploads\/2012\/10\/DSC03178-140x140.jpg\" width=\"140\" height=\"140\" \/><\/a><\/p>\n","protected":false},"excerpt":{"rendered":"<p>R\u00e9cital piano et violon &#8211; H\u00f4tel de Ville de la Grand Place de Bruxelles &#8211;\u00a020 d\u00e9cembre 2012.<\/p>\n","protected":false},"author":8,"featured_media":0,"comment_status":"open","ping_status":"open","sticky":false,"template":"","format":"standard","meta":[],"categories":[5],"tags":[],"_links":{"self":[{"href":"https:\/\/www.fondationchopin.org\/fr\/index.php\/wp-json\/wp\/v2\/posts\/323"}],"collection":[{"href":"https:\/\/www.fondationchopin.org\/fr\/index.php\/wp-json\/wp\/v2\/posts"}],"about":[{"href":"https:\/\/www.fondationchopin.org\/fr\/index.php\/wp-json\/wp\/v2\/types\/post"}],"author":[{"embeddable":true,"href":"https:\/\/www.fondationchopin.org\/fr\/index.php\/wp-json\/wp\/v2\/users\/8"}],"replies":[{"embeddable":true,"href":"https:\/\/www.fondationchopin.org\/fr\/index.php\/wp-json\/wp\/v2\/comments?post=323"}],"version-history":[{"count":34,"href":"https:\/\/www.fondationchopin.org\/fr\/index.php\/wp-json\/wp\/v2\/posts\/323\/revisions"}],"predecessor-version":[{"id":2136,"href":"https:\/\/www.fondationchopin.org\/fr\/index.php\/wp-json\/wp\/v2\/posts\/323\/revisions\/2136"}],"wp:attachment":[{"href":"https:\/\/www.fondationchopin.org\/fr\/index.php\/wp-json\/wp\/v2\/media?parent=323"}],"wp:term":[{"taxonomy":"category","embeddable":true,"href":"https:\/\/www.fondationchopin.org\/fr\/index.php\/wp-json\/wp\/v2\/categories?post=323"},{"taxonomy":"post_tag","embeddable":true,"href":"https:\/\/www.fondationchopin.org\/fr\/index.php\/wp-json\/wp\/v2\/tags?post=323"}],"curies":[{"name":"wp","href":"https:\/\/api.w.org\/{rel}","templated":true}]}}