{"id":1078,"date":"2016-10-18T18:45:45","date_gmt":"2016-10-18T18:45:45","guid":{"rendered":"http:\/\/www.fondationchopin.org\/?p=1078"},"modified":"2026-04-03T14:39:05","modified_gmt":"2026-04-03T14:39:05","slug":"eliane-reyes-recoit-insignes-de-chevalier-de-lordre-arts-lettres-france","status":"publish","type":"post","link":"https:\/\/www.fondationchopin.org\/index.php\/eliane-reyes-recoit-insignes-de-chevalier-de-lordre-arts-lettres-france\/","title":{"rendered":"Eliane Reyes re\u00e7oit les insignes de Chevalier de l\u2019Ordre des Arts et  des Lettres en France"},"content":{"rendered":"<p>Communiqu\u00e9 de presse \u2013 septembre 2016<\/p>\n<p>Ce mois d&#8217;octobre, au Conservatoire National Sup\u00e9rieur de Musique de\u00a0Paris, la pianiste Eliane Reyes,\u00a0recevra les insignes de Chevalier de l\u2019ordre\u00a0des Arts et des Lettres.<\/p>\n<p>C\u2019est la premi\u00e8re pianiste belge \u00e0 \u00eatre ainsi honor\u00e9e par cette prestigieuse\u00a0distinction\u00a0\u00a0&#8211; fran\u00e7aise &#8211; attribu\u00e9e \u00e0 des personnes \u201cqui se sont distingu\u00e9es\u00a0par leur cr\u00e9ation dans le domaine artistique ou litt\u00e9raire ou par la\u00a0contribution qu\u2019elles ont apport\u00e9e au rayonnement des arts et des lettres\u00a0en France et dans le monde\u201d.<!--more--><\/p>\n<p>N\u00e9e \u00e0 Verviers, le 7 juin 1977, Eliane Reyes manifeste d\u00e8s l\u2019\u00e2ge de\u00a0trois ans un int\u00e9r\u00eat pour l\u2019instrument, guid\u00e9e par sa m\u00e8re, professeur de\u00a0piano. Deux ans plus tard, elle donne son premier concert et \u00e0 9 ans, elle\u00a0se distingue dans l\u2019\u00e9mission de Jacques Martin, \u201cL\u2019Ecole des fans\u201d, sur\u00a0France 2. Un an plus tard, elle joue avec les plus grands orchestres\u00a0europ\u00e9ens, dont le Concertgebouw d\u2019Amsterdam (dans le Concerto en r\u00e9\u00a0majeur de Haydn) dirig\u00e9 par Sergiu Commissionna, ainsi que sous la\u00a0direction de Tibor Varga,\u00a0\u00a0Rudolph Barsha\u00ef, Grant Llewelyn, Frank Braley,\u00a0Lionel Bringuier, Martin Lebel ou Andr\u00e9 Vandernoot.<\/p>\n<p>Elle obtient, \u00e0 l\u2019\u00e2ge de quatorze ans, son Premier prix de piano au\u00a0Conservatoire Royal de Musique de Bruxelles, dans la classe de Jean-Claude Vanden Eynden et multiplie ensuite les rencontres avec des\u00a0musiciens d\u2019exception, dont Gy\u00f6rgy Cziffra, Martha Argerich, Vladimir\u00a0Ashkenazy, Murray Perahia, Menahem Pressler, Gy\u00f6rgy Sebok,\u00a0Mstislav\u00a0\u00a0Rostropovitch, Augustin Dumay, Ivry Gitlis, Jos\u00e9 Van Dam. Elle\u00a0se perfectionne \u00e0 Berlin, Salzbourg et Paris o\u00f9 elle est admise au 3\u00e8me\u00a0cycle du Conservatoire National Sup\u00e9rieur de Musique, dans les classes deBrigitte Engerer, Michel Beroff et Jacques Rouvier.\u00a0Elle re\u00e7oit \u00e0 cette\u00a0occasion le prix de la Fondation Bl\u00fcthner et devient finaliste du concours\u00a0international de Montr\u00e9al (CMIM).<\/p>\n<p>Premier prix au concours international de piano d&#8217;Ettlingen (Allemagne).\u00a0Cette musicienne passionn\u00e9e, dont la fibre s\u2019exprime particuli\u00e8rement\u00a0dans l\u2019\u00e2me romantique et impressionniste, aime \u00e9galement explorer les\u00a0r\u00e9pertoires rares du pr\u00e9sent et du pass\u00e9 et travailler avec les\u00a0compositeurs. Elle a contribu\u00e9 \u00e0 la\u00a0\u00a0red\u00e9couverte d\u2019excellents\u00a0compositeurs m\u00e9connus,\u00a0\u00a0tels\u00a0\u00a0Alexandre Tansman ou Benjamin Godard, \u00e0\u00a0travers des premi\u00e8res mondiales discographiques, salu\u00e9es par la presse et\u00a0le public.<\/p>\n<p>En 2010, elle a re\u00e7u de la Ministre de la Culture de la Communaut\u00e9\u00a0fran\u00e7aise de Belgique, l\u2019Octave de la Musique, dans la cat\u00e9gorie Musique\u00a0classique et en juin 2016, elle re\u00e7oit le Prix de la Fondation Chopin \u00e0\u00a0Bruxelles.<\/p>\n<p>\u201cJ\u2019aime pouvoir exprimer mes \u00e9motions, me livrer, communier avec le\u00a0public. Mon approche de la musique est avant tout intuitive. La musique\u00a0aide \u00e0 \u00e9lever notre \u00e2me et \u00e0 apporter une paix int\u00e9rieure\u201d, confie l\u2019artiste\u00a0qui s\u2019est aussi fix\u00e9 pour objectif d\u2019encourager les jeunes musiciens,\u00a0notamment \u00e0 travers son enseignement.<\/p>\n<p>Son souhait le plus cher? Continuer \u00e0 partager avec le public le plus large\u00a0ses \u00e9motions et son attrait pour la d\u00e9couverte,\u00a0\u00a0tout en s\u2019ouvrant aux\u00a0cultures rencontr\u00e9es dans le monde qu\u2019elle parcourt\u00a0\u00a0au fil de ses\u00a0concerts.<\/p>\n<p>La t\u00e9l\u00e9vision Belge RTBF, lui consacrera, au printemps prochain, un\u00a0documentaire de 40 minutes, dans la s\u00e9rie de Thierry Loreau &#038; Pierre\u00a0Barr\u00e9 \u201cJeunes solistes, Grands destins\u201d.<\/p>\n","protected":false},"excerpt":{"rendered":"<p>Communiqu\u00e9 de presse \u2013 septembre 2016 Ce mois d&#8217;octobre, au Conservatoire National Sup\u00e9rieur de Musique de\u00a0Paris, la pianiste Eliane Reyes,\u00a0recevra les insignes de Chevalier de l\u2019ordre\u00a0des Arts et des Lettres. C\u2019est la premi\u00e8re pianiste belge \u00e0 \u00eatre ainsi honor\u00e9e par cette prestigieuse\u00a0distinction\u00a0\u00a0&#8211; fran\u00e7aise &#8211; attribu\u00e9e \u00e0 des personnes \u201cqui se sont distingu\u00e9es\u00a0par leur cr\u00e9ation dans &hellip; <a class=\"next\" href=\"https:\/\/www.fondationchopin.org\/index.php\/eliane-reyes-recoit-insignes-de-chevalier-de-lordre-arts-lettres-france\/\">Lire la suite<\/a><\/p>\n","protected":false},"author":8,"featured_media":0,"comment_status":"open","ping_status":"open","sticky":false,"template":"","format":"standard","meta":[],"categories":[31],"tags":[],"_links":{"self":[{"href":"https:\/\/www.fondationchopin.org\/index.php\/wp-json\/wp\/v2\/posts\/1078"}],"collection":[{"href":"https:\/\/www.fondationchopin.org\/index.php\/wp-json\/wp\/v2\/posts"}],"about":[{"href":"https:\/\/www.fondationchopin.org\/index.php\/wp-json\/wp\/v2\/types\/post"}],"author":[{"embeddable":true,"href":"https:\/\/www.fondationchopin.org\/index.php\/wp-json\/wp\/v2\/users\/8"}],"replies":[{"embeddable":true,"href":"https:\/\/www.fondationchopin.org\/index.php\/wp-json\/wp\/v2\/comments?post=1078"}],"version-history":[{"count":5,"href":"https:\/\/www.fondationchopin.org\/index.php\/wp-json\/wp\/v2\/posts\/1078\/revisions"}],"predecessor-version":[{"id":2833,"href":"https:\/\/www.fondationchopin.org\/index.php\/wp-json\/wp\/v2\/posts\/1078\/revisions\/2833"}],"wp:attachment":[{"href":"https:\/\/www.fondationchopin.org\/index.php\/wp-json\/wp\/v2\/media?parent=1078"}],"wp:term":[{"taxonomy":"category","embeddable":true,"href":"https:\/\/www.fondationchopin.org\/index.php\/wp-json\/wp\/v2\/categories?post=1078"},{"taxonomy":"post_tag","embeddable":true,"href":"https:\/\/www.fondationchopin.org\/index.php\/wp-json\/wp\/v2\/tags?post=1078"}],"curies":[{"name":"wp","href":"https:\/\/api.w.org\/{rel}","templated":true}]}}