{"id":1082,"date":"2016-10-18T19:58:39","date_gmt":"2016-10-18T19:58:39","guid":{"rendered":"http:\/\/www.fondationchopin.org\/?p=1082"},"modified":"2018-03-14T11:22:20","modified_gmt":"2018-03-14T11:22:20","slug":"soiree-concert-recital-de-piano-chant-anciens-salons-de-l-ambassade-de-pologne-le-14-juin-2016","status":"publish","type":"post","link":"https:\/\/www.fondationchopin.org\/index.php\/soiree-concert-recital-de-piano-chant-anciens-salons-de-l-ambassade-de-pologne-le-14-juin-2016\/","title":{"rendered":"Soir\u00e9e-Concert &#8211; R\u00e9cital de piano &#038; chant &#8211; Anciens salons de l\u2019Ambassade de Pologne &#8211; le 14 juin 2016"},"content":{"rendered":"<p>Ce concert a\u00a0eu\u00a0lieu dans les anciens salons de l\u2019Ambassade de Pologne le mardi 14 juin 2016 \u00e0 19\u00a0h, avenue des Gaulois 29 \u00e0 Etterbeek.<\/p>\n<p>La protagoniste de la soir\u00e9e est une personnalit\u00e9 \u00e9clatante de la sc\u00e8ne musicale d\u2019aujourd\u2019hui, Eliane Reyes.\u00a0Lors de cette soir\u00e9e, Eliane Reyes, personnalit\u00e9 \u00e9clatante de la sc\u00e8ne musicale d\u2019aujourd\u2019hui, nous interpr\u00e9tera au piano quelques \u0153uvres des compositeurs Alexandre Tansman et Fr\u00e9d\u00e9ric\u00a0Chopin.<!--more--><\/p>\n<p>Au programme\u00a0:<\/p>\n<p>ALEXANDRE TANSMAN, SUITE DANS LE STYLE ANCIEN<\/p>\n<p>Entr\u00e9e &#8211;\u00a0Sarabande &#8211;\u00a0Gavotte\u00a0-Aria &#8211;\u00a0Choral fugu\u00e9<\/p>\n<p>VALSE-IMPROMPTU<\/p>\n<p>FREDERIC CHOPIN,<\/p>\n<p>5 VALSES<\/p>\n<p>1 opus 18 &#8211;\u00a0no 9 opus 69\/1 &amp; no 10 69\/2 &#8211;\u00a06 opus 64\/1\u00a0&#8211;<\/p>\n<p>7 opus 64\/2 &#8211;\u00a0no 5 opus 42<\/p>\n<p>La finale de la soir\u00e9e sera interpr\u00e9t\u00e9e par\u00a0Julia Szproch qui nous chantera quelques airs d\u2019op\u00e9ra,\u00a0accompagn\u00e9e au piano par\u00a0Ma\u00eetre Jean-Claude Vanden Eynden.<\/p>\n<p>Julia Szproch, \u00e9tudiante de nationalit\u00e9 polonaise \u00e0 la Chapelle Musicale Reine Elisabeth et laur\u00e9ate Fondation Chopin 2016 nous interpr\u00e9tera ensuite quelques airs d\u2019Op\u00e9ra.<\/p>\n<p>La Fondation Chopin \u0153uvre afin d\u2019offrir \u00e0 de jeunes talents polonais et belges la possibilit\u00e9 de suivre des cours de perfectionnement de piano ou de violon en partenariat avec le Conservatoire de Varsovie et le Centre Musical Eduardo del Pueyo, dirig\u00e9 par Ma\u00eetre Jean-Claude Vanden Eynden.<\/p>\n<p>Le concert \u00e9tait\u00a0suivi d\u2019un cocktail d\u00eenatoire, offert par Son Excellence Monsieur Artur Harazim, Ambassadeur de la R\u00e9publique de Pologne en Belgique ainsi que par la Fondation Chopin.<\/p>\n<p>&nbsp;<\/p>\n<p><strong>Sous le Haut Patronage de L\u2019Ambassadeur de la R\u00e9publique de Pologne aupr\u00e8s du Royaume de Belgique, SEM Artur Harazim<\/strong><br \/>\n<strong> Organis\u00e9e par la Fondation Chopin et l\u2019Ambassade de Pologne en Belgique<\/strong><\/p>\n\n\t\t<style type=\"text\/css\">\n\t\t\t#gallery-1 {\n\t\t\t\tmargin: auto;\n\t\t\t}\n\t\t\t#gallery-1 .gallery-item {\n\t\t\t\tfloat: left;\n\t\t\t\tmargin-top: 10px;\n\t\t\t\ttext-align: center;\n\t\t\t\twidth: 33%;\n\t\t\t}\n\t\t\t#gallery-1 img {\n\t\t\t\tborder: 2px solid #cfcfcf;\n\t\t\t}\n\t\t\t#gallery-1 .gallery-caption {\n\t\t\t\tmargin-left: 0;\n\t\t\t}\n\t\t\t\/* see gallery_shortcode() in wp-includes\/media.php *\/\n\t\t<\/style>\n\t\t<div id='gallery-1' class='gallery galleryid-1082 gallery-columns-3 gallery-size-thumbnail'><dl class='gallery-item'>\n\t\t\t<dt class='gallery-icon landscape'>\n\t\t\t\t<a href='https:\/\/www.fondationchopin.org\/wp-content\/uploads\/2016\/10\/DSC_0758.jpg'><img width=\"140\" height=\"140\" src=\"https:\/\/www.fondationchopin.org\/wp-content\/uploads\/2016\/10\/DSC_0758-140x140.jpg\" class=\"attachment-thumbnail size-thumbnail\" alt=\"\" loading=\"lazy\" \/><\/a>\n\t\t\t<\/dt><\/dl><dl class='gallery-item'>\n\t\t\t<dt class='gallery-icon landscape'>\n\t\t\t\t<a href='https:\/\/www.fondationchopin.org\/wp-content\/uploads\/2016\/10\/DSC_0755.jpg'><img width=\"140\" height=\"140\" src=\"https:\/\/www.fondationchopin.org\/wp-content\/uploads\/2016\/10\/DSC_0755-140x140.jpg\" class=\"attachment-thumbnail size-thumbnail\" alt=\"\" loading=\"lazy\" \/><\/a>\n\t\t\t<\/dt><\/dl><dl class='gallery-item'>\n\t\t\t<dt class='gallery-icon landscape'>\n\t\t\t\t<a href='https:\/\/www.fondationchopin.org\/wp-content\/uploads\/2016\/10\/DSC_0746.jpg'><img width=\"140\" height=\"140\" src=\"https:\/\/www.fondationchopin.org\/wp-content\/uploads\/2016\/10\/DSC_0746-140x140.jpg\" class=\"attachment-thumbnail size-thumbnail\" alt=\"\" loading=\"lazy\" \/><\/a>\n\t\t\t<\/dt><\/dl><br style=\"clear: both\" \/><dl class='gallery-item'>\n\t\t\t<dt class='gallery-icon landscape'>\n\t\t\t\t<a href='https:\/\/www.fondationchopin.org\/wp-content\/uploads\/2016\/10\/DSC_0719.jpg'><img width=\"140\" height=\"140\" src=\"https:\/\/www.fondationchopin.org\/wp-content\/uploads\/2016\/10\/DSC_0719-140x140.jpg\" class=\"attachment-thumbnail size-thumbnail\" alt=\"\" loading=\"lazy\" \/><\/a>\n\t\t\t<\/dt><\/dl><dl class='gallery-item'>\n\t\t\t<dt class='gallery-icon landscape'>\n\t\t\t\t<a href='https:\/\/www.fondationchopin.org\/wp-content\/uploads\/2016\/10\/DSC_0714.jpg'><img width=\"140\" height=\"140\" src=\"https:\/\/www.fondationchopin.org\/wp-content\/uploads\/2016\/10\/DSC_0714-140x140.jpg\" class=\"attachment-thumbnail size-thumbnail\" alt=\"\" loading=\"lazy\" \/><\/a>\n\t\t\t<\/dt><\/dl><dl class='gallery-item'>\n\t\t\t<dt class='gallery-icon landscape'>\n\t\t\t\t<a href='https:\/\/www.fondationchopin.org\/wp-content\/uploads\/2016\/10\/DSC_0712.jpg'><img width=\"140\" height=\"140\" src=\"https:\/\/www.fondationchopin.org\/wp-content\/uploads\/2016\/10\/DSC_0712-140x140.jpg\" class=\"attachment-thumbnail size-thumbnail\" alt=\"\" loading=\"lazy\" \/><\/a>\n\t\t\t<\/dt><\/dl><br style=\"clear: both\" \/><dl class='gallery-item'>\n\t\t\t<dt class='gallery-icon landscape'>\n\t\t\t\t<a href='https:\/\/www.fondationchopin.org\/wp-content\/uploads\/2016\/10\/DSC_0691.jpg'><img width=\"140\" height=\"140\" src=\"https:\/\/www.fondationchopin.org\/wp-content\/uploads\/2016\/10\/DSC_0691-140x140.jpg\" class=\"attachment-thumbnail size-thumbnail\" alt=\"\" loading=\"lazy\" \/><\/a>\n\t\t\t<\/dt><\/dl><dl class='gallery-item'>\n\t\t\t<dt class='gallery-icon landscape'>\n\t\t\t\t<a href='https:\/\/www.fondationchopin.org\/wp-content\/uploads\/2016\/10\/DSC_0689.jpg'><img width=\"140\" height=\"140\" src=\"https:\/\/www.fondationchopin.org\/wp-content\/uploads\/2016\/10\/DSC_0689-140x140.jpg\" class=\"attachment-thumbnail size-thumbnail\" alt=\"\" loading=\"lazy\" \/><\/a>\n\t\t\t<\/dt><\/dl><dl class='gallery-item'>\n\t\t\t<dt class='gallery-icon landscape'>\n\t\t\t\t<a href='https:\/\/www.fondationchopin.org\/wp-content\/uploads\/2016\/10\/DSC_0685.jpg'><img width=\"140\" height=\"140\" src=\"https:\/\/www.fondationchopin.org\/wp-content\/uploads\/2016\/10\/DSC_0685-140x140.jpg\" class=\"attachment-thumbnail size-thumbnail\" alt=\"\" loading=\"lazy\" \/><\/a>\n\t\t\t<\/dt><\/dl><br style=\"clear: both\" \/><dl class='gallery-item'>\n\t\t\t<dt class='gallery-icon landscape'>\n\t\t\t\t<a href='https:\/\/www.fondationchopin.org\/wp-content\/uploads\/2016\/10\/DSC_0676.jpg'><img width=\"140\" height=\"140\" src=\"https:\/\/www.fondationchopin.org\/wp-content\/uploads\/2016\/10\/DSC_0676-140x140.jpg\" class=\"attachment-thumbnail size-thumbnail\" alt=\"\" loading=\"lazy\" \/><\/a>\n\t\t\t<\/dt><\/dl><dl class='gallery-item'>\n\t\t\t<dt class='gallery-icon landscape'>\n\t\t\t\t<a href='https:\/\/www.fondationchopin.org\/wp-content\/uploads\/2016\/10\/DSC_0664.jpg'><img width=\"140\" height=\"140\" src=\"https:\/\/www.fondationchopin.org\/wp-content\/uploads\/2016\/10\/DSC_0664-140x140.jpg\" class=\"attachment-thumbnail size-thumbnail\" alt=\"\" loading=\"lazy\" \/><\/a>\n\t\t\t<\/dt><\/dl>\n\t\t\t<br style='clear: both' \/>\n\t\t<\/div>\n\n","protected":false},"excerpt":{"rendered":"<p>Ce concert a\u00a0eu\u00a0lieu dans les anciens salons de l\u2019Ambassade de Pologne le mardi 14 juin 2016 \u00e0 19\u00a0h, avenue des Gaulois 29 \u00e0 Etterbeek. La protagoniste de la soir\u00e9e est une personnalit\u00e9 \u00e9clatante de la sc\u00e8ne musicale d\u2019aujourd\u2019hui, Eliane Reyes.\u00a0Lors de cette soir\u00e9e, Eliane Reyes, personnalit\u00e9 \u00e9clatante de la sc\u00e8ne musicale d\u2019aujourd\u2019hui, nous interpr\u00e9tera au &hellip; <a class=\"next\" href=\"https:\/\/www.fondationchopin.org\/index.php\/soiree-concert-recital-de-piano-chant-anciens-salons-de-l-ambassade-de-pologne-le-14-juin-2016\/\">Lire la suite<\/a><\/p>\n","protected":false},"author":8,"featured_media":0,"comment_status":"open","ping_status":"open","sticky":false,"template":"","format":"standard","meta":[],"categories":[5],"tags":[],"_links":{"self":[{"href":"https:\/\/www.fondationchopin.org\/index.php\/wp-json\/wp\/v2\/posts\/1082"}],"collection":[{"href":"https:\/\/www.fondationchopin.org\/index.php\/wp-json\/wp\/v2\/posts"}],"about":[{"href":"https:\/\/www.fondationchopin.org\/index.php\/wp-json\/wp\/v2\/types\/post"}],"author":[{"embeddable":true,"href":"https:\/\/www.fondationchopin.org\/index.php\/wp-json\/wp\/v2\/users\/8"}],"replies":[{"embeddable":true,"href":"https:\/\/www.fondationchopin.org\/index.php\/wp-json\/wp\/v2\/comments?post=1082"}],"version-history":[{"count":26,"href":"https:\/\/www.fondationchopin.org\/index.php\/wp-json\/wp\/v2\/posts\/1082\/revisions"}],"predecessor-version":[{"id":1105,"href":"https:\/\/www.fondationchopin.org\/index.php\/wp-json\/wp\/v2\/posts\/1082\/revisions\/1105"}],"wp:attachment":[{"href":"https:\/\/www.fondationchopin.org\/index.php\/wp-json\/wp\/v2\/media?parent=1082"}],"wp:term":[{"taxonomy":"category","embeddable":true,"href":"https:\/\/www.fondationchopin.org\/index.php\/wp-json\/wp\/v2\/categories?post=1082"},{"taxonomy":"post_tag","embeddable":true,"href":"https:\/\/www.fondationchopin.org\/index.php\/wp-json\/wp\/v2\/tags?post=1082"}],"curies":[{"name":"wp","href":"https:\/\/api.w.org\/{rel}","templated":true}]}}