{"id":1249,"date":"2019-09-13T10:40:15","date_gmt":"2019-09-13T10:40:15","guid":{"rendered":"http:\/\/www.fondationchopin.org\/?p=1249"},"modified":"2019-12-20T16:28:06","modified_gmt":"2019-12-20T16:28:06","slug":"7-decembre-2019-concert-diner-de-gala-salons-de-lhotel-plaza-feter-jubilaire-20-ans-de-fondation","status":"publish","type":"post","link":"https:\/\/www.fondationchopin.org\/index.php\/7-decembre-2019-concert-diner-de-gala-salons-de-lhotel-plaza-feter-jubilaire-20-ans-de-fondation\/","title":{"rendered":"7 d\u00e9cembre 2019 &#8211; Concert et d\u00eener de Gala dans les Salons de l\u2019h\u00f4tel Plaza pour f\u00eater ses 20 Ans d&#8217;Existence"},"content":{"rendered":"<p><strong>La Fondation Stichting Stiftung Chopin f\u00eate ses 20 Ans d\u2019existence et son nouveau statut de Fondation Priv\u00e9e nationale.<\/strong><\/p>\n<p><!--more--><\/p>\n<p>A cette occasion, le conseil d\u2019administration avait le plaisir de vous convier \u00e0 un concert suivi d\u2019un d\u00eener de Gala dans les Salons de l\u2019h\u00f4tel Plaza, Boulevard Adolphe Max, 118\/126 \u00e0 1000 Bruxelles, le samedi 7 d\u00e9cembre 2019 \u00e0 18 heures.<\/p>\n<p>Cette soir\u00e9e exceptionnelle, nous a offert un r\u00e9pertoire s\u00e9lectionn\u00e9 par notre Pr\u00e9sident d\u2019Honneur Ma\u00eetre Jean-Claude Vanden Eynden en pr\u00e9sence de plusieurs laur\u00e9ats jeunes talents de la Fondation qui t\u00e9moigne de leurs carri\u00e8res musicales.<\/p>\n<p>Fid\u00e8le \u00e0 ses objectifs depuis 20 ans, la Fondation s\u00e9lectionne chaque ann\u00e9e deux laur\u00e9ats dans les disciplines piano, violon. <strong>Joanna Staruch Smolec<\/strong>, jeune violoniste et\u00a0<strong>Steven Kleeven<\/strong>, jeune pianiste belge sont nos \u00ab\u00a0Laur\u00e9at Fondation Chopin\u00a0\u00bb pour l\u2019ann\u00e9e 2019. Steven Kleeven est notre jeune virtuose \u00e2g\u00e9 de 14 ans qui vient de remporter pour la deuxi\u00e8me fois le Concours Steinway organis\u00e9 par la maison Maene.<\/p>\n<p>D\u00e9couvrez, ci-dessous, en image, quelques souvenirs de cette soir\u00e9e inoubliable.<\/p>\n\n\t\t<style type=\"text\/css\">\n\t\t\t#gallery-1 {\n\t\t\t\tmargin: auto;\n\t\t\t}\n\t\t\t#gallery-1 .gallery-item {\n\t\t\t\tfloat: left;\n\t\t\t\tmargin-top: 10px;\n\t\t\t\ttext-align: center;\n\t\t\t\twidth: 33%;\n\t\t\t}\n\t\t\t#gallery-1 img {\n\t\t\t\tborder: 2px solid #cfcfcf;\n\t\t\t}\n\t\t\t#gallery-1 .gallery-caption {\n\t\t\t\tmargin-left: 0;\n\t\t\t}\n\t\t\t\/* see gallery_shortcode() in wp-includes\/media.php *\/\n\t\t<\/style>\n\t\t<div id='gallery-1' class='gallery galleryid-1249 gallery-columns-3 gallery-size-thumbnail'><dl class='gallery-item'>\n\t\t\t<dt class='gallery-icon portrait'>\n\t\t\t\t<a href='https:\/\/www.fondationchopin.org\/index.php\/7-decembre-2019-concert-diner-de-gala-salons-de-lhotel-plaza-feter-jubilaire-20-ans-de-fondation\/img_3505\/'><img width=\"140\" height=\"140\" src=\"https:\/\/www.fondationchopin.org\/wp-content\/uploads\/2019\/09\/IMG_3505-140x140.jpg\" class=\"attachment-thumbnail size-thumbnail\" alt=\"\" loading=\"lazy\" \/><\/a>\n\t\t\t<\/dt><\/dl><dl class='gallery-item'>\n\t\t\t<dt class='gallery-icon landscape'>\n\t\t\t\t<a href='https:\/\/www.fondationchopin.org\/index.php\/7-decembre-2019-concert-diner-de-gala-salons-de-lhotel-plaza-feter-jubilaire-20-ans-de-fondation\/soiree-de-gala-des-20ans-de-la-fondation-191207-yg\/'><img width=\"140\" height=\"140\" src=\"https:\/\/www.fondationchopin.org\/wp-content\/uploads\/2019\/09\/YG191207-0003-140x140.jpg\" class=\"attachment-thumbnail size-thumbnail\" alt=\"\" loading=\"lazy\" aria-describedby=\"gallery-1-1289\" \/><\/a>\n\t\t\t<\/dt>\n\t\t\t\t<dd class='wp-caption-text gallery-caption' id='gallery-1-1289'>\n\t\t\t\tSoir\u00e9e de Gala des 20ans de la Fondation-191207-YG\n\t\t\t\t<\/dd><\/dl><dl class='gallery-item'>\n\t\t\t<dt class='gallery-icon landscape'>\n\t\t\t\t<a href='https:\/\/www.fondationchopin.org\/index.php\/7-decembre-2019-concert-diner-de-gala-salons-de-lhotel-plaza-feter-jubilaire-20-ans-de-fondation\/soiree-de-gala-des-20ans-de-la-fondation-191207-yg-2\/'><img width=\"140\" height=\"140\" src=\"https:\/\/www.fondationchopin.org\/wp-content\/uploads\/2019\/09\/YG191207-0008-140x140.jpg\" class=\"attachment-thumbnail size-thumbnail\" alt=\"\" loading=\"lazy\" aria-describedby=\"gallery-1-1290\" \/><\/a>\n\t\t\t<\/dt>\n\t\t\t\t<dd class='wp-caption-text gallery-caption' id='gallery-1-1290'>\n\t\t\t\tSoir\u00e9e de Gala des 20ans de la Fondation-191207-YG\n\t\t\t\t<\/dd><\/dl><br style=\"clear: both\" \/><dl class='gallery-item'>\n\t\t\t<dt class='gallery-icon landscape'>\n\t\t\t\t<a href='https:\/\/www.fondationchopin.org\/index.php\/7-decembre-2019-concert-diner-de-gala-salons-de-lhotel-plaza-feter-jubilaire-20-ans-de-fondation\/soiree-de-gala-des-20ans-de-la-fondation-191207-yg-3\/'><img width=\"140\" height=\"140\" src=\"https:\/\/www.fondationchopin.org\/wp-content\/uploads\/2019\/09\/YG191207-0009-140x140.jpg\" class=\"attachment-thumbnail size-thumbnail\" alt=\"\" loading=\"lazy\" aria-describedby=\"gallery-1-1291\" \/><\/a>\n\t\t\t<\/dt>\n\t\t\t\t<dd class='wp-caption-text gallery-caption' id='gallery-1-1291'>\n\t\t\t\tSoir\u00e9e de Gala des 20ans de la Fondation-191207-YG\n\t\t\t\t<\/dd><\/dl><dl class='gallery-item'>\n\t\t\t<dt class='gallery-icon landscape'>\n\t\t\t\t<a href='https:\/\/www.fondationchopin.org\/index.php\/7-decembre-2019-concert-diner-de-gala-salons-de-lhotel-plaza-feter-jubilaire-20-ans-de-fondation\/soiree-de-gala-des-20ans-de-la-fondation-191207-yg-4\/'><img width=\"140\" height=\"140\" src=\"https:\/\/www.fondationchopin.org\/wp-content\/uploads\/2019\/09\/YG191207-0013-140x140.jpg\" class=\"attachment-thumbnail size-thumbnail\" alt=\"\" loading=\"lazy\" aria-describedby=\"gallery-1-1292\" \/><\/a>\n\t\t\t<\/dt>\n\t\t\t\t<dd class='wp-caption-text gallery-caption' id='gallery-1-1292'>\n\t\t\t\tSoir\u00e9e de Gala des 20ans de la Fondation-191207-YG\n\t\t\t\t<\/dd><\/dl><dl class='gallery-item'>\n\t\t\t<dt class='gallery-icon landscape'>\n\t\t\t\t<a href='https:\/\/www.fondationchopin.org\/index.php\/7-decembre-2019-concert-diner-de-gala-salons-de-lhotel-plaza-feter-jubilaire-20-ans-de-fondation\/soiree-de-gala-des-20ans-de-la-fondation-191207-yg-5\/'><img width=\"140\" height=\"140\" src=\"https:\/\/www.fondationchopin.org\/wp-content\/uploads\/2019\/09\/YG191207-0041-140x140.jpg\" class=\"attachment-thumbnail size-thumbnail\" alt=\"\" loading=\"lazy\" aria-describedby=\"gallery-1-1293\" \/><\/a>\n\t\t\t<\/dt>\n\t\t\t\t<dd class='wp-caption-text gallery-caption' id='gallery-1-1293'>\n\t\t\t\tSoir\u00e9e de Gala des 20ans de la Fondation-191207-YG\n\t\t\t\t<\/dd><\/dl><br style=\"clear: both\" \/><dl class='gallery-item'>\n\t\t\t<dt class='gallery-icon landscape'>\n\t\t\t\t<a href='https:\/\/www.fondationchopin.org\/index.php\/7-decembre-2019-concert-diner-de-gala-salons-de-lhotel-plaza-feter-jubilaire-20-ans-de-fondation\/soiree-de-gala-des-20ans-de-la-fondation-191207-yg-6\/'><img width=\"140\" height=\"140\" src=\"https:\/\/www.fondationchopin.org\/wp-content\/uploads\/2019\/09\/YG191207-0043-140x140.jpg\" class=\"attachment-thumbnail size-thumbnail\" alt=\"\" loading=\"lazy\" aria-describedby=\"gallery-1-1294\" \/><\/a>\n\t\t\t<\/dt>\n\t\t\t\t<dd class='wp-caption-text gallery-caption' id='gallery-1-1294'>\n\t\t\t\tSoir\u00e9e de Gala des 20ans de la Fondation-191207-YG\n\t\t\t\t<\/dd><\/dl><dl class='gallery-item'>\n\t\t\t<dt class='gallery-icon landscape'>\n\t\t\t\t<a href='https:\/\/www.fondationchopin.org\/index.php\/7-decembre-2019-concert-diner-de-gala-salons-de-lhotel-plaza-feter-jubilaire-20-ans-de-fondation\/soiree-de-gala-des-20ans-de-la-fondation-191207-yg-7\/'><img width=\"140\" height=\"140\" src=\"https:\/\/www.fondationchopin.org\/wp-content\/uploads\/2019\/09\/YG191207-0045-140x140.jpg\" class=\"attachment-thumbnail size-thumbnail\" alt=\"\" loading=\"lazy\" aria-describedby=\"gallery-1-1295\" \/><\/a>\n\t\t\t<\/dt>\n\t\t\t\t<dd class='wp-caption-text gallery-caption' id='gallery-1-1295'>\n\t\t\t\tSoir\u00e9e de Gala des 20ans de la Fondation-191207-YG\n\t\t\t\t<\/dd><\/dl><dl class='gallery-item'>\n\t\t\t<dt class='gallery-icon landscape'>\n\t\t\t\t<a href='https:\/\/www.fondationchopin.org\/index.php\/7-decembre-2019-concert-diner-de-gala-salons-de-lhotel-plaza-feter-jubilaire-20-ans-de-fondation\/soiree-de-gala-des-20ans-de-la-fondation-191207-yg-8\/'><img width=\"140\" height=\"140\" src=\"https:\/\/www.fondationchopin.org\/wp-content\/uploads\/2019\/09\/YG191207-0051-140x140.jpg\" class=\"attachment-thumbnail size-thumbnail\" alt=\"\" loading=\"lazy\" aria-describedby=\"gallery-1-1296\" \/><\/a>\n\t\t\t<\/dt>\n\t\t\t\t<dd class='wp-caption-text gallery-caption' id='gallery-1-1296'>\n\t\t\t\tSoir\u00e9e de Gala des 20ans de la Fondation-191207-YG\n\t\t\t\t<\/dd><\/dl><br style=\"clear: both\" \/><dl class='gallery-item'>\n\t\t\t<dt class='gallery-icon landscape'>\n\t\t\t\t<a href='https:\/\/www.fondationchopin.org\/index.php\/7-decembre-2019-concert-diner-de-gala-salons-de-lhotel-plaza-feter-jubilaire-20-ans-de-fondation\/soiree-de-gala-des-20ans-de-la-fondation-191207-yg-9\/'><img width=\"140\" height=\"140\" src=\"https:\/\/www.fondationchopin.org\/wp-content\/uploads\/2019\/09\/YG191207-0053-140x140.jpg\" class=\"attachment-thumbnail size-thumbnail\" alt=\"\" loading=\"lazy\" aria-describedby=\"gallery-1-1297\" \/><\/a>\n\t\t\t<\/dt>\n\t\t\t\t<dd class='wp-caption-text gallery-caption' id='gallery-1-1297'>\n\t\t\t\tSoir\u00e9e de Gala des 20ans de la Fondation-191207-YG\n\t\t\t\t<\/dd><\/dl><dl class='gallery-item'>\n\t\t\t<dt class='gallery-icon landscape'>\n\t\t\t\t<a href='https:\/\/www.fondationchopin.org\/index.php\/7-decembre-2019-concert-diner-de-gala-salons-de-lhotel-plaza-feter-jubilaire-20-ans-de-fondation\/soiree-de-gala-des-20ans-de-la-fondation-191207-yg-10\/'><img width=\"140\" height=\"140\" src=\"https:\/\/www.fondationchopin.org\/wp-content\/uploads\/2019\/09\/YG191207-0054-140x140.jpg\" class=\"attachment-thumbnail size-thumbnail\" alt=\"\" loading=\"lazy\" aria-describedby=\"gallery-1-1298\" \/><\/a>\n\t\t\t<\/dt>\n\t\t\t\t<dd class='wp-caption-text gallery-caption' id='gallery-1-1298'>\n\t\t\t\tSoir\u00e9e de Gala des 20ans de la Fondation-191207-YG\n\t\t\t\t<\/dd><\/dl><dl class='gallery-item'>\n\t\t\t<dt class='gallery-icon landscape'>\n\t\t\t\t<a href='https:\/\/www.fondationchopin.org\/index.php\/7-decembre-2019-concert-diner-de-gala-salons-de-lhotel-plaza-feter-jubilaire-20-ans-de-fondation\/soiree-de-gala-des-20ans-de-la-fondation-191207-yg-11\/'><img width=\"140\" height=\"140\" src=\"https:\/\/www.fondationchopin.org\/wp-content\/uploads\/2019\/09\/YG191207-0058-140x140.jpg\" class=\"attachment-thumbnail size-thumbnail\" alt=\"\" loading=\"lazy\" aria-describedby=\"gallery-1-1299\" \/><\/a>\n\t\t\t<\/dt>\n\t\t\t\t<dd class='wp-caption-text gallery-caption' id='gallery-1-1299'>\n\t\t\t\tSoir\u00e9e de Gala des 20ans de la Fondation-191207-YG\n\t\t\t\t<\/dd><\/dl><br style=\"clear: both\" \/><dl class='gallery-item'>\n\t\t\t<dt class='gallery-icon landscape'>\n\t\t\t\t<a href='https:\/\/www.fondationchopin.org\/index.php\/7-decembre-2019-concert-diner-de-gala-salons-de-lhotel-plaza-feter-jubilaire-20-ans-de-fondation\/soiree-de-gala-des-20ans-de-la-fondation-191207-yg-12\/'><img width=\"140\" height=\"140\" src=\"https:\/\/www.fondationchopin.org\/wp-content\/uploads\/2019\/09\/YG191207-0074-140x140.jpg\" class=\"attachment-thumbnail size-thumbnail\" alt=\"\" loading=\"lazy\" aria-describedby=\"gallery-1-1300\" \/><\/a>\n\t\t\t<\/dt>\n\t\t\t\t<dd class='wp-caption-text gallery-caption' id='gallery-1-1300'>\n\t\t\t\tSoir\u00e9e de Gala des 20ans de la Fondation-191207-YG\n\t\t\t\t<\/dd><\/dl><dl class='gallery-item'>\n\t\t\t<dt class='gallery-icon landscape'>\n\t\t\t\t<a href='https:\/\/www.fondationchopin.org\/index.php\/7-decembre-2019-concert-diner-de-gala-salons-de-lhotel-plaza-feter-jubilaire-20-ans-de-fondation\/soiree-de-gala-des-20ans-de-la-fondation-191207-yg-13\/'><img width=\"140\" height=\"140\" src=\"https:\/\/www.fondationchopin.org\/wp-content\/uploads\/2019\/09\/YG191207-0088-140x140.jpg\" class=\"attachment-thumbnail size-thumbnail\" alt=\"\" loading=\"lazy\" aria-describedby=\"gallery-1-1301\" \/><\/a>\n\t\t\t<\/dt>\n\t\t\t\t<dd class='wp-caption-text gallery-caption' id='gallery-1-1301'>\n\t\t\t\tSoir\u00e9e de Gala des 20ans de la Fondation-191207-YG\n\t\t\t\t<\/dd><\/dl><dl class='gallery-item'>\n\t\t\t<dt class='gallery-icon landscape'>\n\t\t\t\t<a href='https:\/\/www.fondationchopin.org\/index.php\/7-decembre-2019-concert-diner-de-gala-salons-de-lhotel-plaza-feter-jubilaire-20-ans-de-fondation\/soiree-de-gala-des-20ans-de-la-fondation-191207-yg-14\/'><img width=\"140\" height=\"140\" src=\"https:\/\/www.fondationchopin.org\/wp-content\/uploads\/2019\/09\/YG191207-0113-140x140.jpg\" class=\"attachment-thumbnail size-thumbnail\" alt=\"\" loading=\"lazy\" aria-describedby=\"gallery-1-1302\" \/><\/a>\n\t\t\t<\/dt>\n\t\t\t\t<dd class='wp-caption-text gallery-caption' id='gallery-1-1302'>\n\t\t\t\tSoir\u00e9e de Gala des 20ans de la Fondation-191207-YG\n\t\t\t\t<\/dd><\/dl><br style=\"clear: both\" \/><dl class='gallery-item'>\n\t\t\t<dt class='gallery-icon landscape'>\n\t\t\t\t<a href='https:\/\/www.fondationchopin.org\/index.php\/7-decembre-2019-concert-diner-de-gala-salons-de-lhotel-plaza-feter-jubilaire-20-ans-de-fondation\/soiree-de-gala-des-20ans-de-la-fondation-191207-yg-15\/'><img width=\"140\" height=\"140\" src=\"https:\/\/www.fondationchopin.org\/wp-content\/uploads\/2019\/09\/YG191207-0127-140x140.jpg\" class=\"attachment-thumbnail size-thumbnail\" alt=\"\" loading=\"lazy\" aria-describedby=\"gallery-1-1303\" \/><\/a>\n\t\t\t<\/dt>\n\t\t\t\t<dd class='wp-caption-text gallery-caption' id='gallery-1-1303'>\n\t\t\t\tSoir\u00e9e de Gala des 20ans de la Fondation-191207-YG\n\t\t\t\t<\/dd><\/dl><dl class='gallery-item'>\n\t\t\t<dt class='gallery-icon landscape'>\n\t\t\t\t<a href='https:\/\/www.fondationchopin.org\/index.php\/7-decembre-2019-concert-diner-de-gala-salons-de-lhotel-plaza-feter-jubilaire-20-ans-de-fondation\/soiree-de-gala-des-20ans-de-la-fondation-191207-yg-16\/'><img width=\"140\" height=\"140\" src=\"https:\/\/www.fondationchopin.org\/wp-content\/uploads\/2019\/09\/YG191207-0155-140x140.jpg\" class=\"attachment-thumbnail size-thumbnail\" alt=\"\" loading=\"lazy\" aria-describedby=\"gallery-1-1304\" \/><\/a>\n\t\t\t<\/dt>\n\t\t\t\t<dd class='wp-caption-text gallery-caption' id='gallery-1-1304'>\n\t\t\t\tSoir\u00e9e de Gala des 20ans de la Fondation-191207-YG\n\t\t\t\t<\/dd><\/dl><dl class='gallery-item'>\n\t\t\t<dt class='gallery-icon landscape'>\n\t\t\t\t<a href='https:\/\/www.fondationchopin.org\/index.php\/7-decembre-2019-concert-diner-de-gala-salons-de-lhotel-plaza-feter-jubilaire-20-ans-de-fondation\/soiree-de-gala-des-20ans-de-la-fondation-191207-yg-17\/'><img width=\"140\" height=\"140\" src=\"https:\/\/www.fondationchopin.org\/wp-content\/uploads\/2019\/09\/YG191207-0163-140x140.jpg\" class=\"attachment-thumbnail size-thumbnail\" alt=\"\" loading=\"lazy\" aria-describedby=\"gallery-1-1305\" \/><\/a>\n\t\t\t<\/dt>\n\t\t\t\t<dd class='wp-caption-text gallery-caption' id='gallery-1-1305'>\n\t\t\t\tSoir\u00e9e de Gala des 20ans de la Fondation-191207-YG\n\t\t\t\t<\/dd><\/dl><br style=\"clear: both\" \/><dl class='gallery-item'>\n\t\t\t<dt class='gallery-icon landscape'>\n\t\t\t\t<a href='https:\/\/www.fondationchopin.org\/index.php\/7-decembre-2019-concert-diner-de-gala-salons-de-lhotel-plaza-feter-jubilaire-20-ans-de-fondation\/soiree-de-gala-des-20ans-de-la-fondation-191207-yg-18\/'><img width=\"140\" height=\"140\" src=\"https:\/\/www.fondationchopin.org\/wp-content\/uploads\/2019\/09\/YG191207-0172-140x140.jpg\" class=\"attachment-thumbnail size-thumbnail\" alt=\"\" loading=\"lazy\" aria-describedby=\"gallery-1-1306\" \/><\/a>\n\t\t\t<\/dt>\n\t\t\t\t<dd class='wp-caption-text gallery-caption' id='gallery-1-1306'>\n\t\t\t\tSoir\u00e9e de Gala des 20ans de la Fondation-191207-YG\n\t\t\t\t<\/dd><\/dl><dl class='gallery-item'>\n\t\t\t<dt class='gallery-icon landscape'>\n\t\t\t\t<a href='https:\/\/www.fondationchopin.org\/index.php\/7-decembre-2019-concert-diner-de-gala-salons-de-lhotel-plaza-feter-jubilaire-20-ans-de-fondation\/soiree-de-gala-des-20ans-de-la-fondation-191207-yg-19\/'><img width=\"140\" height=\"140\" src=\"https:\/\/www.fondationchopin.org\/wp-content\/uploads\/2019\/09\/YG191207-0180-140x140.jpg\" class=\"attachment-thumbnail size-thumbnail\" alt=\"\" loading=\"lazy\" aria-describedby=\"gallery-1-1307\" \/><\/a>\n\t\t\t<\/dt>\n\t\t\t\t<dd class='wp-caption-text gallery-caption' id='gallery-1-1307'>\n\t\t\t\tSoir\u00e9e de Gala des 20ans de la Fondation-191207-YG\n\t\t\t\t<\/dd><\/dl><dl class='gallery-item'>\n\t\t\t<dt class='gallery-icon landscape'>\n\t\t\t\t<a href='https:\/\/www.fondationchopin.org\/index.php\/7-decembre-2019-concert-diner-de-gala-salons-de-lhotel-plaza-feter-jubilaire-20-ans-de-fondation\/soiree-de-gala-des-20ans-de-la-fondation-191207-yg-20\/'><img width=\"140\" height=\"140\" src=\"https:\/\/www.fondationchopin.org\/wp-content\/uploads\/2019\/09\/YG191207-0226-140x140.jpg\" class=\"attachment-thumbnail size-thumbnail\" alt=\"\" loading=\"lazy\" aria-describedby=\"gallery-1-1308\" \/><\/a>\n\t\t\t<\/dt>\n\t\t\t\t<dd class='wp-caption-text gallery-caption' id='gallery-1-1308'>\n\t\t\t\tSoir\u00e9e de Gala des 20ans de la Fondation-191207-YG\n\t\t\t\t<\/dd><\/dl><br style=\"clear: both\" \/><dl class='gallery-item'>\n\t\t\t<dt class='gallery-icon landscape'>\n\t\t\t\t<a href='https:\/\/www.fondationchopin.org\/index.php\/7-decembre-2019-concert-diner-de-gala-salons-de-lhotel-plaza-feter-jubilaire-20-ans-de-fondation\/soiree-de-gala-des-20ans-de-la-fondation-191207-yg-21\/'><img width=\"140\" height=\"140\" src=\"https:\/\/www.fondationchopin.org\/wp-content\/uploads\/2019\/09\/YG191207-0253-140x140.jpg\" class=\"attachment-thumbnail size-thumbnail\" alt=\"\" loading=\"lazy\" aria-describedby=\"gallery-1-1309\" \/><\/a>\n\t\t\t<\/dt>\n\t\t\t\t<dd class='wp-caption-text gallery-caption' id='gallery-1-1309'>\n\t\t\t\tSoir\u00e9e de Gala des 20ans de la Fondation-191207-YG\n\t\t\t\t<\/dd><\/dl><dl class='gallery-item'>\n\t\t\t<dt class='gallery-icon landscape'>\n\t\t\t\t<a href='https:\/\/www.fondationchopin.org\/index.php\/7-decembre-2019-concert-diner-de-gala-salons-de-lhotel-plaza-feter-jubilaire-20-ans-de-fondation\/soiree-de-gala-des-20ans-de-la-fondation-191207-yg-22\/'><img width=\"140\" height=\"140\" src=\"https:\/\/www.fondationchopin.org\/wp-content\/uploads\/2019\/09\/YG191207-0277-140x140.jpg\" class=\"attachment-thumbnail size-thumbnail\" alt=\"\" loading=\"lazy\" aria-describedby=\"gallery-1-1310\" \/><\/a>\n\t\t\t<\/dt>\n\t\t\t\t<dd class='wp-caption-text gallery-caption' id='gallery-1-1310'>\n\t\t\t\tSoir\u00e9e de Gala des 20ans de la Fondation-191207-YG\n\t\t\t\t<\/dd><\/dl><dl class='gallery-item'>\n\t\t\t<dt class='gallery-icon landscape'>\n\t\t\t\t<a href='https:\/\/www.fondationchopin.org\/index.php\/7-decembre-2019-concert-diner-de-gala-salons-de-lhotel-plaza-feter-jubilaire-20-ans-de-fondation\/soiree-de-gala-des-20ans-de-la-fondation-191207-yg-23\/'><img width=\"140\" height=\"140\" src=\"https:\/\/www.fondationchopin.org\/wp-content\/uploads\/2019\/09\/YG191207-0306-140x140.jpg\" class=\"attachment-thumbnail size-thumbnail\" alt=\"\" loading=\"lazy\" aria-describedby=\"gallery-1-1311\" \/><\/a>\n\t\t\t<\/dt>\n\t\t\t\t<dd class='wp-caption-text gallery-caption' id='gallery-1-1311'>\n\t\t\t\tSoir\u00e9e de Gala des 20ans de la Fondation-191207-YG\n\t\t\t\t<\/dd><\/dl><br style=\"clear: both\" \/><dl class='gallery-item'>\n\t\t\t<dt class='gallery-icon landscape'>\n\t\t\t\t<a href='https:\/\/www.fondationchopin.org\/index.php\/7-decembre-2019-concert-diner-de-gala-salons-de-lhotel-plaza-feter-jubilaire-20-ans-de-fondation\/soiree-de-gala-des-20ans-de-la-fondation-191207-yg-24\/'><img width=\"140\" height=\"140\" src=\"https:\/\/www.fondationchopin.org\/wp-content\/uploads\/2019\/09\/YG191207-0337-140x140.jpg\" class=\"attachment-thumbnail size-thumbnail\" alt=\"\" loading=\"lazy\" aria-describedby=\"gallery-1-1312\" \/><\/a>\n\t\t\t<\/dt>\n\t\t\t\t<dd class='wp-caption-text gallery-caption' id='gallery-1-1312'>\n\t\t\t\tSoir\u00e9e de Gala des 20ans de la Fondation-191207-YG\n\t\t\t\t<\/dd><\/dl><dl class='gallery-item'>\n\t\t\t<dt class='gallery-icon landscape'>\n\t\t\t\t<a href='https:\/\/www.fondationchopin.org\/index.php\/7-decembre-2019-concert-diner-de-gala-salons-de-lhotel-plaza-feter-jubilaire-20-ans-de-fondation\/soiree-de-gala-des-20ans-de-la-fondation-191207-yg-25\/'><img width=\"140\" height=\"140\" src=\"https:\/\/www.fondationchopin.org\/wp-content\/uploads\/2019\/09\/YG191207-0365-140x140.jpg\" class=\"attachment-thumbnail size-thumbnail\" alt=\"\" loading=\"lazy\" aria-describedby=\"gallery-1-1313\" \/><\/a>\n\t\t\t<\/dt>\n\t\t\t\t<dd class='wp-caption-text gallery-caption' id='gallery-1-1313'>\n\t\t\t\tSoir\u00e9e de Gala des 20ans de la Fondation-191207-YG\n\t\t\t\t<\/dd><\/dl><dl class='gallery-item'>\n\t\t\t<dt class='gallery-icon portrait'>\n\t\t\t\t<a href='https:\/\/www.fondationchopin.org\/index.php\/7-decembre-2019-concert-diner-de-gala-salons-de-lhotel-plaza-feter-jubilaire-20-ans-de-fondation\/soiree-de-gala-des-20ans-de-la-fondation-191207-yg-26\/'><img width=\"140\" height=\"140\" src=\"https:\/\/www.fondationchopin.org\/wp-content\/uploads\/2019\/09\/YG191207-0380M-140x140.jpg\" class=\"attachment-thumbnail size-thumbnail\" alt=\"\" loading=\"lazy\" aria-describedby=\"gallery-1-1314\" \/><\/a>\n\t\t\t<\/dt>\n\t\t\t\t<dd class='wp-caption-text gallery-caption' id='gallery-1-1314'>\n\t\t\t\tSoir\u00e9e de Gala des 20ans de la Fondation-191207-YG\n\t\t\t\t<\/dd><\/dl><br style=\"clear: both\" \/><dl class='gallery-item'>\n\t\t\t<dt class='gallery-icon landscape'>\n\t\t\t\t<a href='https:\/\/www.fondationchopin.org\/index.php\/7-decembre-2019-concert-diner-de-gala-salons-de-lhotel-plaza-feter-jubilaire-20-ans-de-fondation\/soiree-de-gala-des-20ans-de-la-fondation-191207-yg-27\/'><img width=\"140\" height=\"140\" src=\"https:\/\/www.fondationchopin.org\/wp-content\/uploads\/2019\/09\/YG191207-0382-140x140.jpg\" class=\"attachment-thumbnail size-thumbnail\" alt=\"\" loading=\"lazy\" aria-describedby=\"gallery-1-1315\" \/><\/a>\n\t\t\t<\/dt>\n\t\t\t\t<dd class='wp-caption-text gallery-caption' id='gallery-1-1315'>\n\t\t\t\tSoir\u00e9e de Gala des 20ans de la Fondation-191207-YG\n\t\t\t\t<\/dd><\/dl><dl class='gallery-item'>\n\t\t\t<dt class='gallery-icon landscape'>\n\t\t\t\t<a href='https:\/\/www.fondationchopin.org\/index.php\/7-decembre-2019-concert-diner-de-gala-salons-de-lhotel-plaza-feter-jubilaire-20-ans-de-fondation\/soiree-de-gala-des-20ans-de-la-fondation-191207-yg-28\/'><img width=\"140\" height=\"140\" src=\"https:\/\/www.fondationchopin.org\/wp-content\/uploads\/2019\/09\/YG191207-0390-140x140.jpg\" class=\"attachment-thumbnail size-thumbnail\" alt=\"\" loading=\"lazy\" aria-describedby=\"gallery-1-1316\" \/><\/a>\n\t\t\t<\/dt>\n\t\t\t\t<dd class='wp-caption-text gallery-caption' id='gallery-1-1316'>\n\t\t\t\tSoir\u00e9e de Gala des 20ans de la Fondation-191207-YG\n\t\t\t\t<\/dd><\/dl><dl class='gallery-item'>\n\t\t\t<dt class='gallery-icon landscape'>\n\t\t\t\t<a href='https:\/\/www.fondationchopin.org\/index.php\/7-decembre-2019-concert-diner-de-gala-salons-de-lhotel-plaza-feter-jubilaire-20-ans-de-fondation\/soiree-de-gala-des-20ans-de-la-fondation-191207-yg-29\/'><img width=\"140\" height=\"140\" src=\"https:\/\/www.fondationchopin.org\/wp-content\/uploads\/2019\/09\/YG191207-0394-140x140.jpg\" class=\"attachment-thumbnail size-thumbnail\" alt=\"\" loading=\"lazy\" aria-describedby=\"gallery-1-1317\" \/><\/a>\n\t\t\t<\/dt>\n\t\t\t\t<dd class='wp-caption-text gallery-caption' id='gallery-1-1317'>\n\t\t\t\tSoir\u00e9e de Gala des 20ans de la Fondation-191207-YG\n\t\t\t\t<\/dd><\/dl><br style=\"clear: both\" \/><dl class='gallery-item'>\n\t\t\t<dt class='gallery-icon landscape'>\n\t\t\t\t<a href='https:\/\/www.fondationchopin.org\/index.php\/7-decembre-2019-concert-diner-de-gala-salons-de-lhotel-plaza-feter-jubilaire-20-ans-de-fondation\/soiree-de-gala-des-20ans-de-la-fondation-191207-yg-30\/'><img width=\"140\" height=\"140\" src=\"https:\/\/www.fondationchopin.org\/wp-content\/uploads\/2019\/09\/YG191207-0400-140x140.jpg\" class=\"attachment-thumbnail size-thumbnail\" alt=\"\" loading=\"lazy\" aria-describedby=\"gallery-1-1318\" \/><\/a>\n\t\t\t<\/dt>\n\t\t\t\t<dd class='wp-caption-text gallery-caption' id='gallery-1-1318'>\n\t\t\t\tSoir\u00e9e de Gala des 20ans de la Fondation-191207-YG\n\t\t\t\t<\/dd><\/dl><dl class='gallery-item'>\n\t\t\t<dt class='gallery-icon landscape'>\n\t\t\t\t<a href='https:\/\/www.fondationchopin.org\/index.php\/7-decembre-2019-concert-diner-de-gala-salons-de-lhotel-plaza-feter-jubilaire-20-ans-de-fondation\/soiree-de-gala-des-20ans-de-la-fondation-191207-yg-31\/'><img width=\"140\" height=\"140\" src=\"https:\/\/www.fondationchopin.org\/wp-content\/uploads\/2019\/09\/YG191207-0403-140x140.jpg\" class=\"attachment-thumbnail size-thumbnail\" alt=\"\" loading=\"lazy\" aria-describedby=\"gallery-1-1319\" \/><\/a>\n\t\t\t<\/dt>\n\t\t\t\t<dd class='wp-caption-text gallery-caption' id='gallery-1-1319'>\n\t\t\t\tSoir\u00e9e de Gala des 20ans de la Fondation-191207-YG\n\t\t\t\t<\/dd><\/dl><dl class='gallery-item'>\n\t\t\t<dt class='gallery-icon landscape'>\n\t\t\t\t<a href='https:\/\/www.fondationchopin.org\/index.php\/7-decembre-2019-concert-diner-de-gala-salons-de-lhotel-plaza-feter-jubilaire-20-ans-de-fondation\/soiree-de-gala-des-20ans-de-la-fondation-191207-yg-32\/'><img width=\"140\" height=\"140\" src=\"https:\/\/www.fondationchopin.org\/wp-content\/uploads\/2019\/09\/YG191207-0405-140x140.jpg\" class=\"attachment-thumbnail size-thumbnail\" alt=\"\" loading=\"lazy\" aria-describedby=\"gallery-1-1320\" \/><\/a>\n\t\t\t<\/dt>\n\t\t\t\t<dd class='wp-caption-text gallery-caption' id='gallery-1-1320'>\n\t\t\t\tSoir\u00e9e de Gala des 20ans de la Fondation-191207-YG\n\t\t\t\t<\/dd><\/dl><br style=\"clear: both\" \/><dl class='gallery-item'>\n\t\t\t<dt class='gallery-icon landscape'>\n\t\t\t\t<a href='https:\/\/www.fondationchopin.org\/index.php\/7-decembre-2019-concert-diner-de-gala-salons-de-lhotel-plaza-feter-jubilaire-20-ans-de-fondation\/soiree-de-gala-des-20ans-de-la-fondation-191207-yg-33\/'><img width=\"140\" height=\"140\" src=\"https:\/\/www.fondationchopin.org\/wp-content\/uploads\/2019\/09\/YG191207-0406-140x140.jpg\" class=\"attachment-thumbnail size-thumbnail\" alt=\"\" loading=\"lazy\" aria-describedby=\"gallery-1-1321\" \/><\/a>\n\t\t\t<\/dt>\n\t\t\t\t<dd class='wp-caption-text gallery-caption' id='gallery-1-1321'>\n\t\t\t\tSoir\u00e9e de Gala des 20ans de la Fondation-191207-YG\n\t\t\t\t<\/dd><\/dl><dl class='gallery-item'>\n\t\t\t<dt class='gallery-icon landscape'>\n\t\t\t\t<a href='https:\/\/www.fondationchopin.org\/index.php\/7-decembre-2019-concert-diner-de-gala-salons-de-lhotel-plaza-feter-jubilaire-20-ans-de-fondation\/soiree-de-gala-des-20ans-de-la-fondation-191207-yg-34\/'><img width=\"140\" height=\"140\" src=\"https:\/\/www.fondationchopin.org\/wp-content\/uploads\/2019\/09\/YG191207-0408-140x140.jpg\" class=\"attachment-thumbnail size-thumbnail\" alt=\"\" loading=\"lazy\" aria-describedby=\"gallery-1-1322\" \/><\/a>\n\t\t\t<\/dt>\n\t\t\t\t<dd class='wp-caption-text gallery-caption' id='gallery-1-1322'>\n\t\t\t\tSoir\u00e9e de Gala des 20ans de la Fondation-191207-YG\n\t\t\t\t<\/dd><\/dl><dl class='gallery-item'>\n\t\t\t<dt class='gallery-icon landscape'>\n\t\t\t\t<a href='https:\/\/www.fondationchopin.org\/index.php\/7-decembre-2019-concert-diner-de-gala-salons-de-lhotel-plaza-feter-jubilaire-20-ans-de-fondation\/soiree-de-gala-des-20ans-de-la-fondation-191207-yg-35\/'><img width=\"140\" height=\"140\" src=\"https:\/\/www.fondationchopin.org\/wp-content\/uploads\/2019\/09\/YG191207-0411-140x140.jpg\" class=\"attachment-thumbnail size-thumbnail\" alt=\"\" loading=\"lazy\" aria-describedby=\"gallery-1-1323\" \/><\/a>\n\t\t\t<\/dt>\n\t\t\t\t<dd class='wp-caption-text gallery-caption' id='gallery-1-1323'>\n\t\t\t\tSoir\u00e9e de Gala des 20ans de la Fondation-191207-YG\n\t\t\t\t<\/dd><\/dl><br style=\"clear: both\" \/><dl class='gallery-item'>\n\t\t\t<dt class='gallery-icon landscape'>\n\t\t\t\t<a href='https:\/\/www.fondationchopin.org\/index.php\/7-decembre-2019-concert-diner-de-gala-salons-de-lhotel-plaza-feter-jubilaire-20-ans-de-fondation\/soiree-de-gala-des-20ans-de-la-fondation-191207-yg-36\/'><img width=\"140\" height=\"140\" src=\"https:\/\/www.fondationchopin.org\/wp-content\/uploads\/2019\/09\/YG191207-0414-140x140.jpg\" class=\"attachment-thumbnail size-thumbnail\" alt=\"\" loading=\"lazy\" aria-describedby=\"gallery-1-1324\" \/><\/a>\n\t\t\t<\/dt>\n\t\t\t\t<dd class='wp-caption-text gallery-caption' id='gallery-1-1324'>\n\t\t\t\tSoir\u00e9e de Gala des 20ans de la Fondation-191207-YG\n\t\t\t\t<\/dd><\/dl><dl class='gallery-item'>\n\t\t\t<dt class='gallery-icon landscape'>\n\t\t\t\t<a href='https:\/\/www.fondationchopin.org\/index.php\/7-decembre-2019-concert-diner-de-gala-salons-de-lhotel-plaza-feter-jubilaire-20-ans-de-fondation\/soiree-de-gala-des-20ans-de-la-fondation-191207-yg-37\/'><img width=\"140\" height=\"140\" src=\"https:\/\/www.fondationchopin.org\/wp-content\/uploads\/2019\/09\/YG191207-0426-140x140.jpg\" class=\"attachment-thumbnail size-thumbnail\" alt=\"\" loading=\"lazy\" aria-describedby=\"gallery-1-1325\" \/><\/a>\n\t\t\t<\/dt>\n\t\t\t\t<dd class='wp-caption-text gallery-caption' id='gallery-1-1325'>\n\t\t\t\tSoir\u00e9e de Gala des 20ans de la Fondation-191207-YG\n\t\t\t\t<\/dd><\/dl><dl class='gallery-item'>\n\t\t\t<dt class='gallery-icon landscape'>\n\t\t\t\t<a href='https:\/\/www.fondationchopin.org\/index.php\/7-decembre-2019-concert-diner-de-gala-salons-de-lhotel-plaza-feter-jubilaire-20-ans-de-fondation\/soiree-de-gala-des-20ans-de-la-fondation-191207-yg-38\/'><img width=\"140\" height=\"140\" src=\"https:\/\/www.fondationchopin.org\/wp-content\/uploads\/2019\/09\/YG191207-0429-140x140.jpg\" class=\"attachment-thumbnail size-thumbnail\" alt=\"\" loading=\"lazy\" aria-describedby=\"gallery-1-1326\" \/><\/a>\n\t\t\t<\/dt>\n\t\t\t\t<dd class='wp-caption-text gallery-caption' id='gallery-1-1326'>\n\t\t\t\tSoir\u00e9e de Gala des 20ans de la Fondation-191207-YG\n\t\t\t\t<\/dd><\/dl><br style=\"clear: both\" \/><dl class='gallery-item'>\n\t\t\t<dt class='gallery-icon landscape'>\n\t\t\t\t<a href='https:\/\/www.fondationchopin.org\/index.php\/7-decembre-2019-concert-diner-de-gala-salons-de-lhotel-plaza-feter-jubilaire-20-ans-de-fondation\/soiree-de-gala-des-20ans-de-la-fondation-191207-yg-39\/'><img width=\"140\" height=\"140\" src=\"https:\/\/www.fondationchopin.org\/wp-content\/uploads\/2019\/09\/YG191207-0438-140x140.jpg\" class=\"attachment-thumbnail size-thumbnail\" alt=\"\" loading=\"lazy\" aria-describedby=\"gallery-1-1327\" srcset=\"https:\/\/www.fondationchopin.org\/wp-content\/uploads\/2019\/09\/YG191207-0438-140x140.jpg 140w, https:\/\/www.fondationchopin.org\/wp-content\/uploads\/2019\/09\/YG191207-0438-500x500.jpg 500w\" sizes=\"(max-width: 140px) 100vw, 140px\" \/><\/a>\n\t\t\t<\/dt>\n\t\t\t\t<dd class='wp-caption-text gallery-caption' id='gallery-1-1327'>\n\t\t\t\tSoir\u00e9e de Gala des 20ans de la Fondation-191207-YG\n\t\t\t\t<\/dd><\/dl><dl class='gallery-item'>\n\t\t\t<dt class='gallery-icon landscape'>\n\t\t\t\t<a href='https:\/\/www.fondationchopin.org\/index.php\/7-decembre-2019-concert-diner-de-gala-salons-de-lhotel-plaza-feter-jubilaire-20-ans-de-fondation\/soiree-de-gala-des-20ans-de-la-fondation-191207-yg-40\/'><img width=\"140\" height=\"140\" src=\"https:\/\/www.fondationchopin.org\/wp-content\/uploads\/2019\/09\/YG191207-0439-140x140.jpg\" class=\"attachment-thumbnail size-thumbnail\" alt=\"\" loading=\"lazy\" aria-describedby=\"gallery-1-1328\" \/><\/a>\n\t\t\t<\/dt>\n\t\t\t\t<dd class='wp-caption-text gallery-caption' id='gallery-1-1328'>\n\t\t\t\tSoir\u00e9e de Gala des 20ans de la Fondation-191207-YG\n\t\t\t\t<\/dd><\/dl><dl class='gallery-item'>\n\t\t\t<dt class='gallery-icon landscape'>\n\t\t\t\t<a href='https:\/\/www.fondationchopin.org\/index.php\/7-decembre-2019-concert-diner-de-gala-salons-de-lhotel-plaza-feter-jubilaire-20-ans-de-fondation\/soiree-de-gala-des-20ans-de-la-fondation-191207-yg-41\/'><img width=\"140\" height=\"140\" src=\"https:\/\/www.fondationchopin.org\/wp-content\/uploads\/2019\/09\/YG191207-0501-140x140.jpg\" class=\"attachment-thumbnail size-thumbnail\" alt=\"\" loading=\"lazy\" aria-describedby=\"gallery-1-1329\" \/><\/a>\n\t\t\t<\/dt>\n\t\t\t\t<dd class='wp-caption-text gallery-caption' id='gallery-1-1329'>\n\t\t\t\tSoir\u00e9e de Gala des 20ans de la Fondation-191207-YG\n\t\t\t\t<\/dd><\/dl><br style=\"clear: both\" \/><dl class='gallery-item'>\n\t\t\t<dt class='gallery-icon landscape'>\n\t\t\t\t<a href='https:\/\/www.fondationchopin.org\/index.php\/7-decembre-2019-concert-diner-de-gala-salons-de-lhotel-plaza-feter-jubilaire-20-ans-de-fondation\/soiree-de-gala-des-20ans-de-la-fondation-191207-yg-42\/'><img width=\"140\" height=\"140\" src=\"https:\/\/www.fondationchopin.org\/wp-content\/uploads\/2019\/09\/YG191207-0505-140x140.jpg\" class=\"attachment-thumbnail size-thumbnail\" alt=\"\" loading=\"lazy\" aria-describedby=\"gallery-1-1330\" \/><\/a>\n\t\t\t<\/dt>\n\t\t\t\t<dd class='wp-caption-text gallery-caption' id='gallery-1-1330'>\n\t\t\t\tSoir\u00e9e de Gala des 20ans de la Fondation-191207-YG\n\t\t\t\t<\/dd><\/dl><dl class='gallery-item'>\n\t\t\t<dt class='gallery-icon landscape'>\n\t\t\t\t<a href='https:\/\/www.fondationchopin.org\/index.php\/7-decembre-2019-concert-diner-de-gala-salons-de-lhotel-plaza-feter-jubilaire-20-ans-de-fondation\/soiree-de-gala-des-20ans-de-la-fondation-191207-yg-43\/'><img width=\"140\" height=\"140\" src=\"https:\/\/www.fondationchopin.org\/wp-content\/uploads\/2019\/09\/YG191207-0510-140x140.jpg\" class=\"attachment-thumbnail size-thumbnail\" alt=\"\" loading=\"lazy\" aria-describedby=\"gallery-1-1331\" \/><\/a>\n\t\t\t<\/dt>\n\t\t\t\t<dd class='wp-caption-text gallery-caption' id='gallery-1-1331'>\n\t\t\t\tSoir\u00e9e de Gala des 20ans de la Fondation-191207-YG\n\t\t\t\t<\/dd><\/dl><dl class='gallery-item'>\n\t\t\t<dt class='gallery-icon landscape'>\n\t\t\t\t<a href='https:\/\/www.fondationchopin.org\/index.php\/7-decembre-2019-concert-diner-de-gala-salons-de-lhotel-plaza-feter-jubilaire-20-ans-de-fondation\/soiree-de-gala-des-20ans-de-la-fondation-191207-yg-44\/'><img width=\"140\" height=\"140\" src=\"https:\/\/www.fondationchopin.org\/wp-content\/uploads\/2019\/09\/YG191207-0515-140x140.jpg\" class=\"attachment-thumbnail size-thumbnail\" alt=\"\" loading=\"lazy\" aria-describedby=\"gallery-1-1332\" \/><\/a>\n\t\t\t<\/dt>\n\t\t\t\t<dd class='wp-caption-text gallery-caption' id='gallery-1-1332'>\n\t\t\t\tSoir\u00e9e de Gala des 20ans de la Fondation-191207-YG\n\t\t\t\t<\/dd><\/dl><br style=\"clear: both\" \/><dl class='gallery-item'>\n\t\t\t<dt class='gallery-icon landscape'>\n\t\t\t\t<a href='https:\/\/www.fondationchopin.org\/index.php\/7-decembre-2019-concert-diner-de-gala-salons-de-lhotel-plaza-feter-jubilaire-20-ans-de-fondation\/soiree-de-gala-des-20ans-de-la-fondation-191207-yg-45\/'><img width=\"140\" height=\"140\" src=\"https:\/\/www.fondationchopin.org\/wp-content\/uploads\/2019\/09\/YG191207-0520-140x140.jpg\" class=\"attachment-thumbnail size-thumbnail\" alt=\"\" loading=\"lazy\" aria-describedby=\"gallery-1-1333\" \/><\/a>\n\t\t\t<\/dt>\n\t\t\t\t<dd class='wp-caption-text gallery-caption' id='gallery-1-1333'>\n\t\t\t\tSoir\u00e9e de Gala des 20ans de la Fondation-191207-YG\n\t\t\t\t<\/dd><\/dl><dl class='gallery-item'>\n\t\t\t<dt class='gallery-icon landscape'>\n\t\t\t\t<a href='https:\/\/www.fondationchopin.org\/index.php\/7-decembre-2019-concert-diner-de-gala-salons-de-lhotel-plaza-feter-jubilaire-20-ans-de-fondation\/soiree-de-gala-des-20ans-de-la-fondation-191207-yg-46\/'><img width=\"140\" height=\"140\" src=\"https:\/\/www.fondationchopin.org\/wp-content\/uploads\/2019\/09\/YG191207-0538-140x140.jpg\" class=\"attachment-thumbnail size-thumbnail\" alt=\"\" loading=\"lazy\" aria-describedby=\"gallery-1-1334\" \/><\/a>\n\t\t\t<\/dt>\n\t\t\t\t<dd class='wp-caption-text gallery-caption' id='gallery-1-1334'>\n\t\t\t\tSoir\u00e9e de Gala des 20ans de la Fondation-191207-YG\n\t\t\t\t<\/dd><\/dl>\n\t\t\t<br style='clear: both' \/>\n\t\t<\/div>\n\n","protected":false},"excerpt":{"rendered":"<p>La Fondation Stichting Stiftung Chopin f\u00eate ses 20 Ans d\u2019existence et son nouveau statut de Fondation Priv\u00e9e nationale.<\/p>\n","protected":false},"author":8,"featured_media":0,"comment_status":"open","ping_status":"open","sticky":false,"template":"","format":"standard","meta":[],"categories":[5],"tags":[],"_links":{"self":[{"href":"https:\/\/www.fondationchopin.org\/index.php\/wp-json\/wp\/v2\/posts\/1249"}],"collection":[{"href":"https:\/\/www.fondationchopin.org\/index.php\/wp-json\/wp\/v2\/posts"}],"about":[{"href":"https:\/\/www.fondationchopin.org\/index.php\/wp-json\/wp\/v2\/types\/post"}],"author":[{"embeddable":true,"href":"https:\/\/www.fondationchopin.org\/index.php\/wp-json\/wp\/v2\/users\/8"}],"replies":[{"embeddable":true,"href":"https:\/\/www.fondationchopin.org\/index.php\/wp-json\/wp\/v2\/comments?post=1249"}],"version-history":[{"count":10,"href":"https:\/\/www.fondationchopin.org\/index.php\/wp-json\/wp\/v2\/posts\/1249\/revisions"}],"predecessor-version":[{"id":1335,"href":"https:\/\/www.fondationchopin.org\/index.php\/wp-json\/wp\/v2\/posts\/1249\/revisions\/1335"}],"wp:attachment":[{"href":"https:\/\/www.fondationchopin.org\/index.php\/wp-json\/wp\/v2\/media?parent=1249"}],"wp:term":[{"taxonomy":"category","embeddable":true,"href":"https:\/\/www.fondationchopin.org\/index.php\/wp-json\/wp\/v2\/categories?post=1249"},{"taxonomy":"post_tag","embeddable":true,"href":"https:\/\/www.fondationchopin.org\/index.php\/wp-json\/wp\/v2\/tags?post=1249"}],"curies":[{"name":"wp","href":"https:\/\/api.w.org\/{rel}","templated":true}]}}