{"id":1518,"date":"2021-09-29T21:03:24","date_gmt":"2021-09-29T21:03:24","guid":{"rendered":"https:\/\/www.fondationchopin.org\/?p=1518"},"modified":"2021-10-07T22:27:37","modified_gmt":"2021-10-07T22:27:37","slug":"hotel-de-ville-de-bruxelles-24-08-2021","status":"publish","type":"post","link":"https:\/\/www.fondationchopin.org\/index.php\/hotel-de-ville-de-bruxelles-24-08-2021\/","title":{"rendered":"H\u00f4tel de ville de Bruxelles &#8211; 24\/08\/2021"},"content":{"rendered":"<h3>SOUS LE HAUT PATRONAGE DE L\u2019AMBASSADEUR DE LA<br \/>\nREPUBLIQUE DE POLOGNE AUPRES DU ROYAUME DE BELGIQUE.<\/h3>\n<p>Madame, Monsieur,<\/p>\n<p>Chers Amis de la Fondation Stichting Stiftung Chopin,<br \/>\nNous revenons vers vous avec enthousiasme et ravis de vous annoncer<br \/>\nnotre prochain concert le 30 septembre 2021, \u00e0 19 heures pr\u00e9cises, \u00e0<br \/>\nl\u2019H\u00f4tel de ville de Bruxelles (Grand Place, 1 \u00e0 1000 Bruxelles).<br \/>\nLe concert sera suivi d\u2019un cocktail d\u00eenatoire.<br \/>\nLors de cette soir\u00e9e, nous vous pr\u00e9senterons deux jeunes talents, Nazar<br \/>\nPlyska au violon et Tom De Beuckekaer au piano qui seront \u00e9lus<br \/>\n\u00ab&nbsp;Laur\u00e9ats Fondation Stichting Stiftung Chopin 2021&nbsp;\u00bb.<br \/>\n<!--more--><\/p>\n<h3>Programme :<\/h3>\n<ul>\n<li>F.Chopin Andante Spianato et Grande Polonaise<\/li>\n<li>F.Schubert Impromptus D899 n\u00b03 et 2<\/li>\n<li>J.Brahms Scherzo de la Sonate FAE<\/li>\n<li>A.Tasman Suite dans le Style Ancien<\/li>\n<li>M.Ravel Blues de la Sonate pour violon et piano<\/li>\n<li>M.Ravel Malaguena and Feria de la rhapsodie espagnole<\/li>\n<\/ul>\n<h3>Nos artistes musicaux&nbsp;:<\/h3>\n<ul>\n<li>Au violon : Nazar Plyska<\/li>\n<li>Au piano : Steven Kleeven, Tom de Beuckelaer, Eliane Reyes, Ma\u00eetre Jean-Claude Vanden Eynden<\/li>\n<\/ul>\n<p>&nbsp;<\/p>\n<p>Nous vous proposons des places \u00e0 70 \u20ac par personne (6O \u20ac pour les membres en ordre de cotisation de la Fondation ann\u00e9es<br \/>\n2020-2021)) \u00e0 verser au compte de la Fondation Stichting S. Chopin :<br \/>\nBNP PARIBAS FORTIS : BEO8 0018 6526 2813.<\/p>\n<p>En participant \u00e0 ce concert, vous soutenez nos jeunes talents qui ont<br \/>\nbeaucoup souffert du confinement et ont plus que jamais besoin de<br \/>\nvotre chaleureuse pr\u00e9sence et de votre m\u00e9c\u00e9nat.<\/p>\n<p>Nous nous r\u00e9jouissons de vous accueillir et vous prions de croire,<br \/>\nMadame, Monsieur, Chers Amis de la Fondation \u00e0 l\u2019expression de nos<br \/>\nsentiments les meilleurs.<\/p>\n<p>Jos\u00e9e Deriu, Vice -Pr\u00e9sidente<\/p>\n<p>Philippe Delaunois, Tr\u00e9sorier<\/p>\n<p>Chantal Lobert, Pr\u00e9sidente<\/p>\n","protected":false},"excerpt":{"rendered":"<p>SOUS LE HAUT PATRONAGE DE L\u2019AMBASSADEUR DE LA REPUBLIQUE DE POLOGNE AUPRES DU ROYAUME DE BELGIQUE. Madame, Monsieur, Chers Amis de la Fondation Stichting Stiftung Chopin, Nous revenons vers vous avec enthousiasme et ravis de vous annoncer notre prochain concert le 30 septembre 2021, \u00e0 19 heures pr\u00e9cises, \u00e0 l\u2019H\u00f4tel de ville de Bruxelles (Grand &hellip; <a class=\"next\" href=\"https:\/\/www.fondationchopin.org\/index.php\/hotel-de-ville-de-bruxelles-24-08-2021\/\">Lire la suite<\/a><\/p>\n","protected":false},"author":8,"featured_media":0,"comment_status":"open","ping_status":"open","sticky":false,"template":"","format":"standard","meta":[],"categories":[5],"tags":[],"_links":{"self":[{"href":"https:\/\/www.fondationchopin.org\/index.php\/wp-json\/wp\/v2\/posts\/1518"}],"collection":[{"href":"https:\/\/www.fondationchopin.org\/index.php\/wp-json\/wp\/v2\/posts"}],"about":[{"href":"https:\/\/www.fondationchopin.org\/index.php\/wp-json\/wp\/v2\/types\/post"}],"author":[{"embeddable":true,"href":"https:\/\/www.fondationchopin.org\/index.php\/wp-json\/wp\/v2\/users\/8"}],"replies":[{"embeddable":true,"href":"https:\/\/www.fondationchopin.org\/index.php\/wp-json\/wp\/v2\/comments?post=1518"}],"version-history":[{"count":5,"href":"https:\/\/www.fondationchopin.org\/index.php\/wp-json\/wp\/v2\/posts\/1518\/revisions"}],"predecessor-version":[{"id":2151,"href":"https:\/\/www.fondationchopin.org\/index.php\/wp-json\/wp\/v2\/posts\/1518\/revisions\/2151"}],"wp:attachment":[{"href":"https:\/\/www.fondationchopin.org\/index.php\/wp-json\/wp\/v2\/media?parent=1518"}],"wp:term":[{"taxonomy":"category","embeddable":true,"href":"https:\/\/www.fondationchopin.org\/index.php\/wp-json\/wp\/v2\/categories?post=1518"},{"taxonomy":"post_tag","embeddable":true,"href":"https:\/\/www.fondationchopin.org\/index.php\/wp-json\/wp\/v2\/tags?post=1518"}],"curies":[{"name":"wp","href":"https:\/\/api.w.org\/{rel}","templated":true}]}}