{"id":211,"date":"2012-01-31T12:08:29","date_gmt":"2012-01-31T12:08:29","guid":{"rendered":"http:\/\/127.0.0.1\/Chopin\/?p=211"},"modified":"2012-11-30T10:39:50","modified_gmt":"2012-11-30T10:39:50","slug":"28-aout-2004-mini-recital-georges-samuel-lison-siege-social-moulin-de-felenne","status":"publish","type":"post","link":"https:\/\/www.fondationchopin.org\/index.php\/28-aout-2004-mini-recital-georges-samuel-lison-siege-social-moulin-de-felenne\/","title":{"rendered":"28 ao\u00fbt 2004 &#8211; Mini R\u00e9cital &#8211; Georges-Samuel Lison &#8211; Si\u00e8ge Social &#8220;Moulin de Felenne&#8221;"},"content":{"rendered":"<p>Mini R\u00e9cital\u00a0du T\u00e9nor Lyrique Georges-Samuel Lison<\/p>\n<p><img loading=\"lazy\" title=\"FELENNE\" src=\"https:\/\/www.fondationchopin.org\/wp-content\/uploads\/2012\/01\/FELENNE-300x201.jpg\" alt=\"\" width=\"300\" height=\"201\" \/><\/p>\n","protected":false},"excerpt":{"rendered":"<p>Mini R\u00e9cital\u00a0du T\u00e9nor Lyrique Georges-Samuel Lison<\/p>\n","protected":false},"author":8,"featured_media":0,"comment_status":"open","ping_status":"open","sticky":false,"template":"","format":"standard","meta":[],"categories":[5],"tags":[],"_links":{"self":[{"href":"https:\/\/www.fondationchopin.org\/index.php\/wp-json\/wp\/v2\/posts\/211"}],"collection":[{"href":"https:\/\/www.fondationchopin.org\/index.php\/wp-json\/wp\/v2\/posts"}],"about":[{"href":"https:\/\/www.fondationchopin.org\/index.php\/wp-json\/wp\/v2\/types\/post"}],"author":[{"embeddable":true,"href":"https:\/\/www.fondationchopin.org\/index.php\/wp-json\/wp\/v2\/users\/8"}],"replies":[{"embeddable":true,"href":"https:\/\/www.fondationchopin.org\/index.php\/wp-json\/wp\/v2\/comments?post=211"}],"version-history":[{"count":2,"href":"https:\/\/www.fondationchopin.org\/index.php\/wp-json\/wp\/v2\/posts\/211\/revisions"}],"predecessor-version":[{"id":611,"href":"https:\/\/www.fondationchopin.org\/index.php\/wp-json\/wp\/v2\/posts\/211\/revisions\/611"}],"wp:attachment":[{"href":"https:\/\/www.fondationchopin.org\/index.php\/wp-json\/wp\/v2\/media?parent=211"}],"wp:term":[{"taxonomy":"category","embeddable":true,"href":"https:\/\/www.fondationchopin.org\/index.php\/wp-json\/wp\/v2\/categories?post=211"},{"taxonomy":"post_tag","embeddable":true,"href":"https:\/\/www.fondationchopin.org\/index.php\/wp-json\/wp\/v2\/tags?post=211"}],"curies":[{"name":"wp","href":"https:\/\/api.w.org\/{rel}","templated":true}]}}