{"id":229,"date":"2012-01-31T12:27:46","date_gmt":"2012-01-31T12:27:46","guid":{"rendered":"http:\/\/127.0.0.1\/Chopin\/?p=229"},"modified":"2013-03-17T10:15:24","modified_gmt":"2013-03-17T10:15:24","slug":"27-fevrier-2009-concert-exceptionnel-jean-claude-vanden-eynden-et-jose-van-dam-conservatoire-royal-de-musique-de-bruxelles","status":"publish","type":"post","link":"https:\/\/www.fondationchopin.org\/index.php\/27-fevrier-2009-concert-exceptionnel-jean-claude-vanden-eynden-et-jose-van-dam-conservatoire-royal-de-musique-de-bruxelles\/","title":{"rendered":"27 f\u00e9vrier 2009 &#8211; Concert exceptionnel &#8211; Jean Claude Vanden Eynden et Jos\u00e9 van Dam &#8211; Conservatoire Royal de Musique de Bruxelles"},"content":{"rendered":"<p style=\"text-align: left;\"><a title=\"Ma\u00eetre Jean-Claude Vanden Eynden\" href=\"https:\/\/www.fondationchopin.org\/index.php\/people\/monsieur-jean-claude-vanden-eynden\/\">Jean Claude Vanden Eynden<\/a> et Jos\u00e9 van Dam se sont retrouv\u00e9s pour un concert exceptionnel au Conservatoire Royal de Musique de Bruxelles. En premi\u00e8re partie de programme nos Laur\u00e9ats.<\/p>\n<p>&nbsp;<\/p>\n<p>Au programme :<\/p>\n<p>&nbsp;<\/p>\n<p>1\u00e8re partie : Avenline Gram, Yannick Van de Velde, Mathias Becerra, Youri Bessho, Myrek Coutigny (jeunes talents \u00e9tudiants de l\u2019\u00e9cole Eduardo del Pueyo) qui nous interpr\u00e8teront \u00ab \u0152uvres pour piano seul ou \u00e0 Quatre mains voire \u00e9galement \u00e0 Six mains \u00bb<\/p>\n<p>2\u00e8me partie : V\u00e9ronique Bogaerts, laur\u00e9ate du Concours Reine Elisabeth, Jean-Claude Vanden Eynden, Marie Hallinck pour le \u00ab Trio de Haydn \u00bb<\/p>\n<p>3\u00e8me partie :Jos\u00e9 van Dam et Jean-Claude Vanden Eynden interpr\u00e8teront \u00ab Diff\u00e9rents Airs D\u2019Op\u00e9ras et M\u00e9lodies \u00bb<\/p>\n<p>&nbsp;<\/p>\n<p>Le concert \u00e9tait suivi d&#8217;une r\u00e9ception<\/p>\n","protected":false},"excerpt":{"rendered":"<p>Jean Claude Vanden Eynden et Jos\u00e9 van Dam se sont retrouv\u00e9s pour un concert exceptionnel au Conservatoire Royal de Musique de Bruxelles. En premi\u00e8re partie de programme nos Laur\u00e9ats. &nbsp; Au programme : &nbsp; 1\u00e8re partie : Avenline Gram, Yannick Van de Velde, Mathias Becerra, Youri Bessho, Myrek Coutigny (jeunes talents \u00e9tudiants de l\u2019\u00e9cole Eduardo &hellip; <a class=\"next\" href=\"https:\/\/www.fondationchopin.org\/index.php\/27-fevrier-2009-concert-exceptionnel-jean-claude-vanden-eynden-et-jose-van-dam-conservatoire-royal-de-musique-de-bruxelles\/\">Lire la suite<\/a><\/p>\n","protected":false},"author":8,"featured_media":0,"comment_status":"open","ping_status":"open","sticky":false,"template":"","format":"standard","meta":[],"categories":[5],"tags":[],"_links":{"self":[{"href":"https:\/\/www.fondationchopin.org\/index.php\/wp-json\/wp\/v2\/posts\/229"}],"collection":[{"href":"https:\/\/www.fondationchopin.org\/index.php\/wp-json\/wp\/v2\/posts"}],"about":[{"href":"https:\/\/www.fondationchopin.org\/index.php\/wp-json\/wp\/v2\/types\/post"}],"author":[{"embeddable":true,"href":"https:\/\/www.fondationchopin.org\/index.php\/wp-json\/wp\/v2\/users\/8"}],"replies":[{"embeddable":true,"href":"https:\/\/www.fondationchopin.org\/index.php\/wp-json\/wp\/v2\/comments?post=229"}],"version-history":[{"count":4,"href":"https:\/\/www.fondationchopin.org\/index.php\/wp-json\/wp\/v2\/posts\/229\/revisions"}],"predecessor-version":[{"id":698,"href":"https:\/\/www.fondationchopin.org\/index.php\/wp-json\/wp\/v2\/posts\/229\/revisions\/698"}],"wp:attachment":[{"href":"https:\/\/www.fondationchopin.org\/index.php\/wp-json\/wp\/v2\/media?parent=229"}],"wp:term":[{"taxonomy":"category","embeddable":true,"href":"https:\/\/www.fondationchopin.org\/index.php\/wp-json\/wp\/v2\/categories?post=229"},{"taxonomy":"post_tag","embeddable":true,"href":"https:\/\/www.fondationchopin.org\/index.php\/wp-json\/wp\/v2\/tags?post=229"}],"curies":[{"name":"wp","href":"https:\/\/api.w.org\/{rel}","templated":true}]}}