{"id":269,"date":"2012-01-31T12:11:14","date_gmt":"2012-01-31T12:11:14","guid":{"rendered":"http:\/\/127.0.0.1\/Chopin\/?p=269"},"modified":"2013-12-12T21:03:18","modified_gmt":"2013-12-12T21:03:18","slug":"27-avril-2005-recital-de-piano-maitre-jean-claude-vanden-eynden-nicolas-paternotte-matias-becerra-palais-provincial-de-namur","status":"publish","type":"post","link":"https:\/\/www.fondationchopin.org\/index.php\/27-avril-2005-recital-de-piano-maitre-jean-claude-vanden-eynden-nicolas-paternotte-matias-becerra-palais-provincial-de-namur\/","title":{"rendered":"27 avril 2005 &#8211; R\u00e9cital de Piano &#8211; Ma\u00eetre Jean-Claude Vanden Eynden, Nicolas Paternotte, Matias Becerra &#8211; Palais Provincial de Namur"},"content":{"rendered":"<p>R\u00e9cital de Piano interpr\u00e9t\u00e9 par <a title=\"Ma\u00eetre Jean-Claude Vanden Eynden\" href=\"https:\/\/www.fondationchopin.org\/index.php\/people\/monsieur-jean-claude-vanden-eynden\/\">Ma\u00eetre Jean-Claude Vanden Eynden<\/a>.<\/p>\n<p>Prestation en premi\u00e8re partie du laur\u00e9at <a title=\"Fondation Chopin\" href=\"https:\/\/www.fondationchopin.org\/index.php\/fondation-chopin\/\">Fondation Chopin<\/a> 2005 Nicolas Paternotte\u00a0et du laur\u00e9at 2006 <a title=\"Matias Beccera\" href=\"https:\/\/www.fondationchopin.org\/index.php\/people\/matias-beccera\/\">Matias\u00a0Becerra<\/a>.<\/p>\n\n\t\t<style type=\"text\/css\">\n\t\t\t#gallery-1 {\n\t\t\t\tmargin: auto;\n\t\t\t}\n\t\t\t#gallery-1 .gallery-item {\n\t\t\t\tfloat: left;\n\t\t\t\tmargin-top: 10px;\n\t\t\t\ttext-align: center;\n\t\t\t\twidth: 33%;\n\t\t\t}\n\t\t\t#gallery-1 img {\n\t\t\t\tborder: 2px solid #cfcfcf;\n\t\t\t}\n\t\t\t#gallery-1 .gallery-caption {\n\t\t\t\tmargin-left: 0;\n\t\t\t}\n\t\t\t\/* see gallery_shortcode() in wp-includes\/media.php *\/\n\t\t<\/style>\n\t\t<div id='gallery-1' class='gallery galleryid-269 gallery-columns-3 gallery-size-thumbnail'><dl class='gallery-item'>\n\t\t\t<dt class='gallery-icon landscape'>\n\t\t\t\t<img width=\"140\" height=\"140\" src=\"https:\/\/www.fondationchopin.org\/wp-content\/uploads\/2013\/12\/3B8C181B-1109-76C3-DEA6F7B2D98D3136DSC00170-140x140.jpg\" class=\"attachment-thumbnail size-thumbnail\" alt=\"\" loading=\"lazy\" \/>\n\t\t\t<\/dt><\/dl><dl class='gallery-item'>\n\t\t\t<dt class='gallery-icon landscape'>\n\t\t\t\t<img width=\"140\" height=\"140\" src=\"https:\/\/www.fondationchopin.org\/wp-content\/uploads\/2013\/12\/3B8C8D99-1109-76C3-DEBD2D74A146A869DSC00172-140x140.jpg\" class=\"attachment-thumbnail size-thumbnail\" alt=\"\" loading=\"lazy\" \/>\n\t\t\t<\/dt><\/dl><dl class='gallery-item'>\n\t\t\t<dt class='gallery-icon landscape'>\n\t\t\t\t<img width=\"140\" height=\"140\" src=\"https:\/\/www.fondationchopin.org\/wp-content\/uploads\/2013\/12\/3B8D97D5-1109-76C3-DE35FE3A6336C4CDDSC00177-140x140.jpg\" class=\"attachment-thumbnail size-thumbnail\" alt=\"\" loading=\"lazy\" \/>\n\t\t\t<\/dt><\/dl><br style=\"clear: both\" \/><dl class='gallery-item'>\n\t\t\t<dt class='gallery-icon landscape'>\n\t\t\t\t<img width=\"140\" height=\"140\" src=\"https:\/\/www.fondationchopin.org\/wp-content\/uploads\/2013\/12\/3B8EE68C-1109-76C3-DEC8D60B96C718ADDSC00217-140x140.jpg\" class=\"attachment-thumbnail size-thumbnail\" alt=\"\" loading=\"lazy\" \/>\n\t\t\t<\/dt><\/dl><dl class='gallery-item'>\n\t\t\t<dt class='gallery-icon landscape'>\n\t\t\t\t<img width=\"140\" height=\"140\" src=\"https:\/\/www.fondationchopin.org\/wp-content\/uploads\/2013\/12\/3B8E01DA-1109-76C3-DEE6492FB1012611DSC00183-140x140.jpg\" class=\"attachment-thumbnail size-thumbnail\" alt=\"\" loading=\"lazy\" \/>\n\t\t\t<\/dt><\/dl><dl class='gallery-item'>\n\t\t\t<dt class='gallery-icon landscape'>\n\t\t\t\t<img width=\"140\" height=\"140\" src=\"https:\/\/www.fondationchopin.org\/wp-content\/uploads\/2013\/12\/3B8F2422-1109-76C3-DEDA3E09CAF26BB9DSC00220-140x140.jpg\" class=\"attachment-thumbnail size-thumbnail\" alt=\"\" loading=\"lazy\" \/>\n\t\t\t<\/dt><\/dl><br style=\"clear: both\" \/>\n\t\t<\/div>\n\n","protected":false},"excerpt":{"rendered":"<p>R\u00e9cital de Piano interpr\u00e9t\u00e9 par Ma\u00eetre Jean-Claude Vanden Eynden. Prestation en premi\u00e8re partie du laur\u00e9at Fondation Chopin 2005 Nicolas Paternotte\u00a0et du laur\u00e9at 2006 Matias\u00a0Becerra.<\/p>\n","protected":false},"author":8,"featured_media":0,"comment_status":"open","ping_status":"open","sticky":false,"template":"","format":"standard","meta":[],"categories":[5],"tags":[],"_links":{"self":[{"href":"https:\/\/www.fondationchopin.org\/index.php\/wp-json\/wp\/v2\/posts\/269"}],"collection":[{"href":"https:\/\/www.fondationchopin.org\/index.php\/wp-json\/wp\/v2\/posts"}],"about":[{"href":"https:\/\/www.fondationchopin.org\/index.php\/wp-json\/wp\/v2\/types\/post"}],"author":[{"embeddable":true,"href":"https:\/\/www.fondationchopin.org\/index.php\/wp-json\/wp\/v2\/users\/8"}],"replies":[{"embeddable":true,"href":"https:\/\/www.fondationchopin.org\/index.php\/wp-json\/wp\/v2\/comments?post=269"}],"version-history":[{"count":4,"href":"https:\/\/www.fondationchopin.org\/index.php\/wp-json\/wp\/v2\/posts\/269\/revisions"}],"predecessor-version":[{"id":917,"href":"https:\/\/www.fondationchopin.org\/index.php\/wp-json\/wp\/v2\/posts\/269\/revisions\/917"}],"wp:attachment":[{"href":"https:\/\/www.fondationchopin.org\/index.php\/wp-json\/wp\/v2\/media?parent=269"}],"wp:term":[{"taxonomy":"category","embeddable":true,"href":"https:\/\/www.fondationchopin.org\/index.php\/wp-json\/wp\/v2\/categories?post=269"},{"taxonomy":"post_tag","embeddable":true,"href":"https:\/\/www.fondationchopin.org\/index.php\/wp-json\/wp\/v2\/tags?post=269"}],"curies":[{"name":"wp","href":"https:\/\/api.w.org\/{rel}","templated":true}]}}