{"id":748,"date":"2013-03-19T10:26:52","date_gmt":"2013-03-19T10:26:52","guid":{"rendered":"http:\/\/www.fondationchopin.org\/?p=748"},"modified":"2015-11-25T17:32:40","modified_gmt":"2015-11-25T17:32:40","slug":"18-avril-2013-concert-a-lambassade-de-pologne-etterbeek-lukasz-trepczynski-yannick-van-de-velde","status":"publish","type":"post","link":"https:\/\/www.fondationchopin.org\/index.php\/18-avril-2013-concert-a-lambassade-de-pologne-etterbeek-lukasz-trepczynski-yannick-van-de-velde\/","title":{"rendered":"18 avril 2013 \u2013 Concert \u00e0 l\u2019Ambassade de Pologne (Etterbeek) &#8211; \u0141ukasz Trepczy\u0144ski &#8211; Yannick Van de Velde"},"content":{"rendered":"<p>Ce jeudi 18 avril 2013, nous avons organis\u00e9, sous le Haut Patronage et en pr\u00e9sence de SEM Artur Harazim, Ambassadeur de la R\u00e9publique de Pologne aupr\u00e8s du Royaume de Belgique, un concert dans les prestigieux salons de l\u2019Ambassade de Pologne.<!--more--><\/p>\n<p>Nous vous avons pr\u00e9sent\u00e9 nos deux jeunes laur\u00e9ats 2013 et 2014. Lors de cette soir\u00e9e, notre laur\u00e9at belge Yannick Van de Velde, a interpr\u00e9t\u00e9 au piano un programme vari\u00e9 des compositeurs Haydn et Liszt, sans oublier quelques compositions de F. Chopin. Notre laur\u00e9at polonais Lukasz Trepczynski a interpr\u00e9t\u00e9 des \u0153uvres de F. Chopin. Nous sommes fiers de vous annoncer que Yannick Van de Velde a \u00e9t\u00e9 s\u00e9lectionn\u00e9 pour participer au concours Reine Elisabeth de 2013.<\/p>\n<p>Notre Fondation \u0153uvre afin d\u2019offrir \u00e0 de jeunes talents polonais et belges la possibilit\u00e9 de suivre des cours de perfectionnement de piano ou de violon en partenariat avec le Conservatoire de Varsovie et le Centre Musical Eduardo del Puyeo, dirig\u00e9 par Ma\u00eetre Jean-Claude Vanden Eynden, notre Administrateur-Fondateur.<\/p>\n<p>Le concert \u00e9tait suivi d\u2019une r\u00e9ception, offerte par SEM Artur Harazim et la fondation Chopin dans les salons de l\u2019Ambassade de Pologne.<\/p>\n<p>Programme :<\/p>\n<p>\u0141ukasz Trepczy\u0144ski \u2013 piano \u2013 Fryderyk Chopin:<\/p>\n<p>1. Nocturne H-dur Op. 62 No. 1<\/p>\n<p>2. Etude Ges-dur Op. 10 No. 5<\/p>\n<p>3. Etude e-moll Op. 25 No. 5<\/p>\n<p>4. Grande Valse Brillante F-dur Op. 34 No. 3<\/p>\n<p>5. 4 Mazurkas Op. 24<\/p>\n<p>6. Polonaise As-dur Op. 53<\/p>\n\n\t\t<style type=\"text\/css\">\n\t\t\t#gallery-1 {\n\t\t\t\tmargin: auto;\n\t\t\t}\n\t\t\t#gallery-1 .gallery-item {\n\t\t\t\tfloat: left;\n\t\t\t\tmargin-top: 10px;\n\t\t\t\ttext-align: center;\n\t\t\t\twidth: 33%;\n\t\t\t}\n\t\t\t#gallery-1 img {\n\t\t\t\tborder: 2px solid #cfcfcf;\n\t\t\t}\n\t\t\t#gallery-1 .gallery-caption {\n\t\t\t\tmargin-left: 0;\n\t\t\t}\n\t\t\t\/* see gallery_shortcode() in wp-includes\/media.php *\/\n\t\t<\/style>\n\t\t<div id='gallery-1' class='gallery galleryid-748 gallery-columns-3 gallery-size-thumbnail'><dl class='gallery-item'>\n\t\t\t<dt class='gallery-icon landscape'>\n\t\t\t\t<a href='https:\/\/www.fondationchopin.org\/wp-content\/uploads\/2013\/11\/2013-18-4-CFC1.jpg'><img width=\"140\" height=\"140\" src=\"https:\/\/www.fondationchopin.org\/wp-content\/uploads\/2013\/11\/2013-18-4-CFC1-140x140.jpg\" class=\"attachment-thumbnail size-thumbnail\" alt=\"\" loading=\"lazy\" \/><\/a>\n\t\t\t<\/dt><\/dl><dl class='gallery-item'>\n\t\t\t<dt class='gallery-icon landscape'>\n\t\t\t\t<a href='https:\/\/www.fondationchopin.org\/wp-content\/uploads\/2013\/11\/20132-18.jpg'><img width=\"140\" height=\"140\" src=\"https:\/\/www.fondationchopin.org\/wp-content\/uploads\/2013\/11\/20132-18-140x140.jpg\" class=\"attachment-thumbnail size-thumbnail\" alt=\"\" loading=\"lazy\" \/><\/a>\n\t\t\t<\/dt><\/dl><dl class='gallery-item'>\n\t\t\t<dt class='gallery-icon landscape'>\n\t\t\t\t<a href='https:\/\/www.fondationchopin.org\/wp-content\/uploads\/2013\/03\/2013-184-CFC-23.jpg'><img width=\"140\" height=\"140\" src=\"https:\/\/www.fondationchopin.org\/wp-content\/uploads\/2013\/03\/2013-184-CFC-23-140x140.jpg\" class=\"attachment-thumbnail size-thumbnail\" alt=\"\" loading=\"lazy\" \/><\/a>\n\t\t\t<\/dt><\/dl><br style=\"clear: both\" \/><dl class='gallery-item'>\n\t\t\t<dt class='gallery-icon landscape'>\n\t\t\t\t<a href='https:\/\/www.fondationchopin.org\/wp-content\/uploads\/2013\/03\/2013-18-4-Concert-FC3.jpg'><img width=\"140\" height=\"140\" src=\"https:\/\/www.fondationchopin.org\/wp-content\/uploads\/2013\/03\/2013-18-4-Concert-FC3-140x140.jpg\" class=\"attachment-thumbnail size-thumbnail\" alt=\"\" loading=\"lazy\" \/><\/a>\n\t\t\t<\/dt><\/dl>\n\t\t\t<br style='clear: both' \/>\n\t\t<\/div>\n\n","protected":false},"excerpt":{"rendered":"<p>Ce jeudi 18 avril 2013, nous avons organis\u00e9, sous le Haut Patronage et en pr\u00e9sence de SEM Artur Harazim, Ambassadeur de la R\u00e9publique de Pologne aupr\u00e8s du Royaume de Belgique, un concert dans les prestigieux salons de l\u2019Ambassade de Pologne.<\/p>\n","protected":false},"author":8,"featured_media":0,"comment_status":"open","ping_status":"open","sticky":false,"template":"","format":"standard","meta":[],"categories":[5],"tags":[],"_links":{"self":[{"href":"https:\/\/www.fondationchopin.org\/index.php\/wp-json\/wp\/v2\/posts\/748"}],"collection":[{"href":"https:\/\/www.fondationchopin.org\/index.php\/wp-json\/wp\/v2\/posts"}],"about":[{"href":"https:\/\/www.fondationchopin.org\/index.php\/wp-json\/wp\/v2\/types\/post"}],"author":[{"embeddable":true,"href":"https:\/\/www.fondationchopin.org\/index.php\/wp-json\/wp\/v2\/users\/8"}],"replies":[{"embeddable":true,"href":"https:\/\/www.fondationchopin.org\/index.php\/wp-json\/wp\/v2\/comments?post=748"}],"version-history":[{"count":31,"href":"https:\/\/www.fondationchopin.org\/index.php\/wp-json\/wp\/v2\/posts\/748\/revisions"}],"predecessor-version":[{"id":954,"href":"https:\/\/www.fondationchopin.org\/index.php\/wp-json\/wp\/v2\/posts\/748\/revisions\/954"}],"wp:attachment":[{"href":"https:\/\/www.fondationchopin.org\/index.php\/wp-json\/wp\/v2\/media?parent=748"}],"wp:term":[{"taxonomy":"category","embeddable":true,"href":"https:\/\/www.fondationchopin.org\/index.php\/wp-json\/wp\/v2\/categories?post=748"},{"taxonomy":"post_tag","embeddable":true,"href":"https:\/\/www.fondationchopin.org\/index.php\/wp-json\/wp\/v2\/tags?post=748"}],"curies":[{"name":"wp","href":"https:\/\/api.w.org\/{rel}","templated":true}]}}