{"id":788,"date":"2013-11-10T11:27:35","date_gmt":"2013-11-10T11:27:35","guid":{"rendered":"http:\/\/www.fondationchopin.org\/?p=788"},"modified":"2016-10-18T18:36:20","modified_gmt":"2016-10-18T18:36:20","slug":"13-octobre-2013-recital-de-piano-dans-les-prestigieux-salons-de-lambassade-de-pologne-etterbeek-maitre-jean-claude-vanden-eynden-aveline-gram-philippe-raskin-et-yannick-van-de-velde","status":"publish","type":"post","link":"https:\/\/www.fondationchopin.org\/index.php\/13-octobre-2013-recital-de-piano-dans-les-prestigieux-salons-de-lambassade-de-pologne-etterbeek-maitre-jean-claude-vanden-eynden-aveline-gram-philippe-raskin-et-yannick-van-de-velde\/","title":{"rendered":"13 octobre 2013 &#8211; R\u00e9cital de piano dans les prestigieux salons de l\u2019Ambassade de Pologne (Etterbeek) &#8211; Ma\u00eetre Jean-Claude Vanden Eynden, Aveline Gram, Krzyztof Potocznic et Yannick Van de Velde."},"content":{"rendered":"<p>Sous le Haut Patronage et en pr\u00e9sence de SEM Artur Harazim, Ambassadeur de la R\u00e9publique de Pologne aupr\u00e8s du Royaume de Belgique. Dans les prestigieux salons de l\u2019Ambassade de Pologne, avenue des Gaulois 29 \u00e0 Etterbeek, le dimanche 13 octobre 2013 \u00e0 17h.<\/p>\n<p>Lors de cette soir\u00e9e, Ma\u00eetre Jean-Claude Vanden Eynden nous interpr\u00e9t\u00e9 un r\u00e9cital avec nos 3 laur\u00e9ats mis \u00e0 l\u2019honneur.<!--more--><\/p>\n<p>Deux d&#8217;entre eux se sont distingu\u00e9s au c\u00e9l\u00e8bre concours Reine Elisabeth en tant que demi-finalistes en 2013 et 2010.\u00a0 Aveline Gram, Philippe Raskin, et Yannick Van de Velde ont interpr\u00e9t\u00e9 diverses \u0153uvres en solo, mais aussi \u00e0 quatre, six, voire 8 mains.<\/p>\n<p>Notre Fondation \u0153uvre afin d\u2019offrir \u00e0 de jeunes talents polonais et belges la possibilit\u00e9 de suivre des cours de perfectionnement de piano ou de violon en partenariat avec le Conservatoire de Varsovie et le Centre Musical Eduardo del Pueyo, dirig\u00e9 par Ma\u00eetre Jean-Claude Vanden Eynden, notre Administrateur-Fondateur.<\/p>\n<p>Ce concert exceptionnel \u00e9tait suivi d\u2019une r\u00e9ception et nous avons f\u00eat\u00e9 les 15 ans de notre fondation au Champagne.<\/p>\n<p>Le Programme\u00a0:<\/p>\n<p>Nocturne opus 72 n\u00b0 1 \u2013 F. Chopin<br \/>\nDanse slave n\u00b0 1 \u2013 A. Dvorak<br \/>\nSonate opus 22 (1er mouvement) \u2013 R. Schumann<br \/>\nDanses hongroises n\u00b0 1 et 5 \u2013 J. Brahms<br \/>\nVale-Caprice n\u00b0 6 \u2013 Liszt-Schubert<br \/>\nRomance \u2013 S. Rachmaninov<br \/>\nPr\u00e9lude opus 28 n\u00b0 13 \u2013 F. Chopin<br \/>\nFantaisie sur des airs d\u2019Op\u00e9ras de Mozart \u2013 C. Czerny<br \/>\nLe Bal (extrait des jeux d\u2019enfants) \u2013 G. Bizet<br \/>\nGalop-Marche \u2013 A. Lavignac<\/p>\n<p>Interpr\u00e9t\u00e9 au piano par<br \/>\nAveline Gram, Krzyztof Potocznic, Yannick Van de Velde<br \/>\n&amp; Ma\u00eetre Jean-Claude Vanden Eynden<\/p>\n\n\t\t<style type=\"text\/css\">\n\t\t\t#gallery-1 {\n\t\t\t\tmargin: auto;\n\t\t\t}\n\t\t\t#gallery-1 .gallery-item {\n\t\t\t\tfloat: left;\n\t\t\t\tmargin-top: 10px;\n\t\t\t\ttext-align: center;\n\t\t\t\twidth: 33%;\n\t\t\t}\n\t\t\t#gallery-1 img {\n\t\t\t\tborder: 2px solid #cfcfcf;\n\t\t\t}\n\t\t\t#gallery-1 .gallery-caption {\n\t\t\t\tmargin-left: 0;\n\t\t\t}\n\t\t\t\/* see gallery_shortcode() in wp-includes\/media.php *\/\n\t\t<\/style>\n\t\t<div id='gallery-1' class='gallery galleryid-788 gallery-columns-3 gallery-size-thumbnail'><dl class='gallery-item'>\n\t\t\t<dt class='gallery-icon landscape'>\n\t\t\t\t<a href='https:\/\/www.fondationchopin.org\/wp-content\/uploads\/2013\/11\/13-DSC04828-Salle-gauche.jpg'><img width=\"140\" height=\"140\" src=\"https:\/\/www.fondationchopin.org\/wp-content\/uploads\/2013\/11\/13-DSC04828-Salle-gauche-140x140.jpg\" class=\"attachment-thumbnail size-thumbnail\" alt=\"\" loading=\"lazy\" \/><\/a>\n\t\t\t<\/dt><\/dl><dl class='gallery-item'>\n\t\t\t<dt class='gallery-icon landscape'>\n\t\t\t\t<a href='https:\/\/www.fondationchopin.org\/wp-content\/uploads\/2013\/11\/13-DSC04861-Piano-J-Cl.jpg'><img width=\"140\" height=\"140\" src=\"https:\/\/www.fondationchopin.org\/wp-content\/uploads\/2013\/11\/13-DSC04861-Piano-J-Cl-140x140.jpg\" class=\"attachment-thumbnail size-thumbnail\" alt=\"\" loading=\"lazy\" srcset=\"https:\/\/www.fondationchopin.org\/wp-content\/uploads\/2013\/11\/13-DSC04861-Piano-J-Cl-140x140.jpg 140w, https:\/\/www.fondationchopin.org\/wp-content\/uploads\/2013\/11\/13-DSC04861-Piano-J-Cl-300x300.jpg 300w, https:\/\/www.fondationchopin.org\/wp-content\/uploads\/2013\/11\/13-DSC04861-Piano-J-Cl.jpg 500w\" sizes=\"(max-width: 140px) 100vw, 140px\" \/><\/a>\n\t\t\t<\/dt><\/dl><dl class='gallery-item'>\n\t\t\t<dt class='gallery-icon landscape'>\n\t\t\t\t<a href='https:\/\/www.fondationchopin.org\/wp-content\/uploads\/2013\/11\/13-DSC04890Yannick.jpg'><img width=\"140\" height=\"140\" src=\"https:\/\/www.fondationchopin.org\/wp-content\/uploads\/2013\/11\/13-DSC04890Yannick-140x140.jpg\" class=\"attachment-thumbnail size-thumbnail\" alt=\"\" loading=\"lazy\" srcset=\"https:\/\/www.fondationchopin.org\/wp-content\/uploads\/2013\/11\/13-DSC04890Yannick-140x140.jpg 140w, https:\/\/www.fondationchopin.org\/wp-content\/uploads\/2013\/11\/13-DSC04890Yannick-300x300.jpg 300w, https:\/\/www.fondationchopin.org\/wp-content\/uploads\/2013\/11\/13-DSC04890Yannick.jpg 500w\" sizes=\"(max-width: 140px) 100vw, 140px\" \/><\/a>\n\t\t\t<\/dt><\/dl><br style=\"clear: both\" \/><dl class='gallery-item'>\n\t\t\t<dt class='gallery-icon landscape'>\n\t\t\t\t<a href='https:\/\/www.fondationchopin.org\/wp-content\/uploads\/2013\/11\/13-DSC04872-Aveline.jpg'><img width=\"140\" height=\"140\" src=\"https:\/\/www.fondationchopin.org\/wp-content\/uploads\/2013\/11\/13-DSC04872-Aveline-140x140.jpg\" class=\"attachment-thumbnail size-thumbnail\" alt=\"\" loading=\"lazy\" srcset=\"https:\/\/www.fondationchopin.org\/wp-content\/uploads\/2013\/11\/13-DSC04872-Aveline-140x140.jpg 140w, https:\/\/www.fondationchopin.org\/wp-content\/uploads\/2013\/11\/13-DSC04872-Aveline-300x300.jpg 300w, https:\/\/www.fondationchopin.org\/wp-content\/uploads\/2013\/11\/13-DSC04872-Aveline.jpg 501w\" sizes=\"(max-width: 140px) 100vw, 140px\" \/><\/a>\n\t\t\t<\/dt><\/dl><dl class='gallery-item'>\n\t\t\t<dt class='gallery-icon landscape'>\n\t\t\t\t<a href='https:\/\/www.fondationchopin.org\/wp-content\/uploads\/2013\/11\/13-DSC04910-Mains-8-en-plongee.jpg'><img width=\"140\" height=\"140\" src=\"https:\/\/www.fondationchopin.org\/wp-content\/uploads\/2013\/11\/13-DSC04910-Mains-8-en-plongee-140x140.jpg\" class=\"attachment-thumbnail size-thumbnail\" alt=\"\" loading=\"lazy\" \/><\/a>\n\t\t\t<\/dt><\/dl><dl class='gallery-item'>\n\t\t\t<dt class='gallery-icon landscape'>\n\t\t\t\t<a href='https:\/\/www.fondationchopin.org\/wp-content\/uploads\/2013\/11\/DSC_0363.jpg'><img width=\"140\" height=\"140\" src=\"https:\/\/www.fondationchopin.org\/wp-content\/uploads\/2013\/11\/DSC_0363-140x140.jpg\" class=\"attachment-thumbnail size-thumbnail\" alt=\"\" loading=\"lazy\" \/><\/a>\n\t\t\t<\/dt><\/dl><br style=\"clear: both\" \/><dl class='gallery-item'>\n\t\t\t<dt class='gallery-icon landscape'>\n\t\t\t\t<a href='https:\/\/www.fondationchopin.org\/wp-content\/uploads\/2013\/11\/jde-mep5.jpg'><img width=\"140\" height=\"140\" src=\"https:\/\/www.fondationchopin.org\/wp-content\/uploads\/2013\/11\/jde-mep5-140x140.jpg\" class=\"attachment-thumbnail size-thumbnail\" alt=\"\" loading=\"lazy\" srcset=\"https:\/\/www.fondationchopin.org\/wp-content\/uploads\/2013\/11\/jde-mep5-140x140.jpg 140w, https:\/\/www.fondationchopin.org\/wp-content\/uploads\/2013\/11\/jde-mep5-300x300.jpg 300w, https:\/\/www.fondationchopin.org\/wp-content\/uploads\/2013\/11\/jde-mep5.jpg 500w\" sizes=\"(max-width: 140px) 100vw, 140px\" \/><\/a>\n\t\t\t<\/dt><\/dl><dl class='gallery-item'>\n\t\t\t<dt class='gallery-icon landscape'>\n\t\t\t\t<a href='https:\/\/www.fondationchopin.org\/wp-content\/uploads\/2013\/11\/DSC_0671.jpg'><img width=\"140\" height=\"140\" src=\"https:\/\/www.fondationchopin.org\/wp-content\/uploads\/2013\/11\/DSC_0671-140x140.jpg\" class=\"attachment-thumbnail size-thumbnail\" alt=\"\" loading=\"lazy\" \/><\/a>\n\t\t\t<\/dt><\/dl><dl class='gallery-item'>\n\t\t\t<dt class='gallery-icon landscape'>\n\t\t\t\t<a href='https:\/\/www.fondationchopin.org\/wp-content\/uploads\/2013\/11\/DSC_0799.jpg'><img width=\"140\" height=\"140\" src=\"https:\/\/www.fondationchopin.org\/wp-content\/uploads\/2013\/11\/DSC_0799-140x140.jpg\" class=\"attachment-thumbnail size-thumbnail\" alt=\"\" loading=\"lazy\" \/><\/a>\n\t\t\t<\/dt><\/dl><br style=\"clear: both\" \/><dl class='gallery-item'>\n\t\t\t<dt class='gallery-icon landscape'>\n\t\t\t\t<a href='https:\/\/www.fondationchopin.org\/wp-content\/uploads\/2013\/11\/DSC_0753.jpg'><img width=\"140\" height=\"140\" src=\"https:\/\/www.fondationchopin.org\/wp-content\/uploads\/2013\/11\/DSC_0753-140x140.jpg\" class=\"attachment-thumbnail size-thumbnail\" alt=\"\" loading=\"lazy\" \/><\/a>\n\t\t\t<\/dt><\/dl><dl class='gallery-item'>\n\t\t\t<dt class='gallery-icon landscape'>\n\t\t\t\t<a href='https:\/\/www.fondationchopin.org\/wp-content\/uploads\/2013\/11\/DSC_0693.jpg'><img width=\"140\" height=\"140\" src=\"https:\/\/www.fondationchopin.org\/wp-content\/uploads\/2013\/11\/DSC_0693-140x140.jpg\" class=\"attachment-thumbnail size-thumbnail\" alt=\"\" loading=\"lazy\" \/><\/a>\n\t\t\t<\/dt><\/dl><dl class='gallery-item'>\n\t\t\t<dt class='gallery-icon landscape'>\n\t\t\t\t<a href='https:\/\/www.fondationchopin.org\/wp-content\/uploads\/2013\/11\/DSC_0577.jpg'><img width=\"140\" height=\"140\" src=\"https:\/\/www.fondationchopin.org\/wp-content\/uploads\/2013\/11\/DSC_0577-140x140.jpg\" class=\"attachment-thumbnail size-thumbnail\" alt=\"\" loading=\"lazy\" \/><\/a>\n\t\t\t<\/dt><\/dl><br style=\"clear: both\" \/><dl class='gallery-item'>\n\t\t\t<dt class='gallery-icon landscape'>\n\t\t\t\t<a href='https:\/\/www.fondationchopin.org\/wp-content\/uploads\/2013\/11\/Ambassadeurs.jpg'><img width=\"140\" height=\"140\" src=\"https:\/\/www.fondationchopin.org\/wp-content\/uploads\/2013\/11\/Ambassadeurs-140x140.jpg\" class=\"attachment-thumbnail size-thumbnail\" alt=\"\" loading=\"lazy\" \/><\/a>\n\t\t\t<\/dt><\/dl><dl class='gallery-item'>\n\t\t\t<dt class='gallery-icon landscape'>\n\t\t\t\t<a href='https:\/\/www.fondationchopin.org\/wp-content\/uploads\/2013\/11\/DSC_0680.jpg'><img width=\"140\" height=\"140\" src=\"https:\/\/www.fondationchopin.org\/wp-content\/uploads\/2013\/11\/DSC_0680-140x140.jpg\" class=\"attachment-thumbnail size-thumbnail\" alt=\"\" loading=\"lazy\" \/><\/a>\n\t\t\t<\/dt><\/dl><dl class='gallery-item'>\n\t\t\t<dt class='gallery-icon landscape'>\n\t\t\t\t<a href='https:\/\/www.fondationchopin.org\/wp-content\/uploads\/2013\/11\/DSC_0257.jpg'><img width=\"140\" height=\"140\" src=\"https:\/\/www.fondationchopin.org\/wp-content\/uploads\/2013\/11\/DSC_0257-140x140.jpg\" class=\"attachment-thumbnail size-thumbnail\" alt=\"\" loading=\"lazy\" \/><\/a>\n\t\t\t<\/dt><\/dl><br style=\"clear: both\" \/><dl class='gallery-item'>\n\t\t\t<dt class='gallery-icon landscape'>\n\t\t\t\t<a href='https:\/\/www.fondationchopin.org\/wp-content\/uploads\/2013\/11\/DSC_0678.jpg'><img width=\"140\" height=\"140\" src=\"https:\/\/www.fondationchopin.org\/wp-content\/uploads\/2013\/11\/DSC_0678-140x140.jpg\" class=\"attachment-thumbnail size-thumbnail\" alt=\"\" loading=\"lazy\" \/><\/a>\n\t\t\t<\/dt><\/dl><dl class='gallery-item'>\n\t\t\t<dt class='gallery-icon landscape'>\n\t\t\t\t<a href='https:\/\/www.fondationchopin.org\/wp-content\/uploads\/2013\/11\/13-DSC04947-Reception-3.jpg'><img width=\"140\" height=\"140\" src=\"https:\/\/www.fondationchopin.org\/wp-content\/uploads\/2013\/11\/13-DSC04947-Reception-3-140x140.jpg\" class=\"attachment-thumbnail size-thumbnail\" alt=\"\" loading=\"lazy\" \/><\/a>\n\t\t\t<\/dt><\/dl><dl class='gallery-item'>\n\t\t\t<dt class='gallery-icon landscape'>\n\t\t\t\t<a href='https:\/\/www.fondationchopin.org\/wp-content\/uploads\/2013\/11\/13-DSC04950-Reception-2.jpg'><img width=\"140\" height=\"140\" src=\"https:\/\/www.fondationchopin.org\/wp-content\/uploads\/2013\/11\/13-DSC04950-Reception-2-140x140.jpg\" class=\"attachment-thumbnail size-thumbnail\" alt=\"\" loading=\"lazy\" \/><\/a>\n\t\t\t<\/dt><\/dl><br style=\"clear: both\" \/><dl class='gallery-item'>\n\t\t\t<dt class='gallery-icon landscape'>\n\t\t\t\t<a href='https:\/\/www.fondationchopin.org\/wp-content\/uploads\/2013\/11\/13-DSC04952-Reception-4.jpg'><img width=\"140\" height=\"140\" src=\"https:\/\/www.fondationchopin.org\/wp-content\/uploads\/2013\/11\/13-DSC04952-Reception-4-140x140.jpg\" class=\"attachment-thumbnail size-thumbnail\" alt=\"\" loading=\"lazy\" \/><\/a>\n\t\t\t<\/dt><\/dl>\n\t\t\t<br style='clear: both' \/>\n\t\t<\/div>\n\n<p>cr\u00e9dit photo : Christian Dehennin &amp; Sacha Vullic<\/p>\n<p>&nbsp;<\/p>\n","protected":false},"excerpt":{"rendered":"<p>Sous le Haut Patronage et en pr\u00e9sence de SEM Artur Harazim, Ambassadeur de la R\u00e9publique de Pologne aupr\u00e8s du Royaume de Belgique. Dans les prestigieux salons de l\u2019Ambassade de Pologne, avenue des Gaulois 29 \u00e0 Etterbeek, le dimanche 13 octobre 2013 \u00e0 17h. Lors de cette soir\u00e9e, Ma\u00eetre Jean-Claude Vanden Eynden nous interpr\u00e9t\u00e9 un r\u00e9cital &hellip; <a class=\"next\" href=\"https:\/\/www.fondationchopin.org\/index.php\/13-octobre-2013-recital-de-piano-dans-les-prestigieux-salons-de-lambassade-de-pologne-etterbeek-maitre-jean-claude-vanden-eynden-aveline-gram-philippe-raskin-et-yannick-van-de-velde\/\">Lire la suite<\/a><\/p>\n","protected":false},"author":8,"featured_media":0,"comment_status":"open","ping_status":"open","sticky":false,"template":"","format":"standard","meta":[],"categories":[5],"tags":[],"_links":{"self":[{"href":"https:\/\/www.fondationchopin.org\/index.php\/wp-json\/wp\/v2\/posts\/788"}],"collection":[{"href":"https:\/\/www.fondationchopin.org\/index.php\/wp-json\/wp\/v2\/posts"}],"about":[{"href":"https:\/\/www.fondationchopin.org\/index.php\/wp-json\/wp\/v2\/types\/post"}],"author":[{"embeddable":true,"href":"https:\/\/www.fondationchopin.org\/index.php\/wp-json\/wp\/v2\/users\/8"}],"replies":[{"embeddable":true,"href":"https:\/\/www.fondationchopin.org\/index.php\/wp-json\/wp\/v2\/comments?post=788"}],"version-history":[{"count":13,"href":"https:\/\/www.fondationchopin.org\/index.php\/wp-json\/wp\/v2\/posts\/788\/revisions"}],"predecessor-version":[{"id":1002,"href":"https:\/\/www.fondationchopin.org\/index.php\/wp-json\/wp\/v2\/posts\/788\/revisions\/1002"}],"wp:attachment":[{"href":"https:\/\/www.fondationchopin.org\/index.php\/wp-json\/wp\/v2\/media?parent=788"}],"wp:term":[{"taxonomy":"category","embeddable":true,"href":"https:\/\/www.fondationchopin.org\/index.php\/wp-json\/wp\/v2\/categories?post=788"},{"taxonomy":"post_tag","embeddable":true,"href":"https:\/\/www.fondationchopin.org\/index.php\/wp-json\/wp\/v2\/tags?post=788"}],"curies":[{"name":"wp","href":"https:\/\/api.w.org\/{rel}","templated":true}]}}