{"id":931,"date":"2015-11-25T15:25:17","date_gmt":"2015-11-25T15:25:17","guid":{"rendered":"http:\/\/www.fondationchopin.org\/?p=931"},"modified":"2016-12-14T11:20:07","modified_gmt":"2016-12-14T11:20:07","slug":"diner-concert-dans-les-salons-de-lhotel-le-plaza-le-samedi-12-decembre-2015-a-18h","status":"publish","type":"post","link":"https:\/\/www.fondationchopin.org\/index.php\/diner-concert-dans-les-salons-de-lhotel-le-plaza-le-samedi-12-decembre-2015-a-18h\/","title":{"rendered":"D\u00eener de Gala &#8211; Concert piano &#038; chant, \u00e0 l&#8217;H\u00f4tel Plaza \u00e0 Bruxelles, 12 d\u00e9cembre 2015"},"content":{"rendered":"<p>Le 12 d\u00e9cembre 2015, dans les Salons de l\u2019H\u00f4tel Plazza \u00e0 Bruxelles, la Fondation Chopin, sous le Haut Patronage de SEM Harazim, ambassadeur de la R\u00e9publique de Pologne, organisait un d\u00eener de gala somptueux en pr\u00e9sence de nombreuses personnalit\u00e9s du monde de la diplomatie et des affaires.<\/p>\n<p>Ma\u00eetre Jean-Claude Vanden Eynden, le Baron Jos\u00e9 Van Dam et la jeune Soprano polonaise Julia Szproch, les interpr\u00e8tes des \u0153uvres de Chopin, Niewiadomski, Schubert ,Duparc et Mozart ont ravis les invit\u00e9s. Ma\u00eetre jean-Claude Vanden Eynden\u00a0 \u00e9voqua le parcours de ses 50 ANS de carri\u00e8re et de son amiti\u00e9 avec le Baron Van Dam.<!--more--><\/p>\n<p>La jeune soprano Julia Szproch, fid\u00e8le \u00e0 ses objectifs depuis plus de seize ans, la Fondation Chopin s\u00e9lectionne chaque ann\u00e9e deux laur\u00e9ats\u00a0dans les disciplines piano et violon. Cette ann\u00e9e, souhaitant \u00e9largir son champ d\u2019action musical, la Fondation\u00a0a \u00e9lu Julia Szproch, une jeune soprano \u00e9tudiante \u00e0 la Chapelle Musicale, \u00ab\u00a0laur\u00e9ate Fondation Chopin 2016\u00a0\u00bb.<\/p>\n<p>La r\u00e9ception s&#8217;est d\u00e9roul\u00e9e de 18 h \u00e0 18 h 30, le concert \u00e0 19 heures et le d\u00eener aux chandelles.<\/p>\n<h3>Programme :<\/h3>\n<p>3\u00e8me Ballade opus 47 F.CHOPIN<br \/>\nJean-Claude Vanden Eynden<\/p>\n<p>&#8216;Kolysanka&#8217; (Lullaby) S. NIEWIADOMSKI<br \/>\n&#8216;Dzwony'( Bells) S. NIEWIADOMSKI<br \/>\nLied der mignon (3 extraits des Ges\u00e4nge aus &#8216;Wilhelm Meister&#8217;, D.877)\u00a0F.SCHUBERT<br \/>\nJulia Szproch et Jean-Claude Vanden Eynden<\/p>\n<p>L&#8217;Invitation au voyage H.DUPARC<br \/>\nJean-Claude Vanden Eynden et Jos\u00e9 Van Dam<\/p>\n<p>&#8220;La ci darem la mano&#8221; (extrait de Don Giovanni) W.A.MOZART<br \/>\nJulia Szproch, Jos\u00e9 Van Dam et Jean-Claude Vanden Eynden<\/p>\n<p><!--more--><\/p>\n<p>Ma\u00eetre Jean-Claude Vanden Eynden :<\/p>\n<p><a href=\"https:\/\/www.fondationchopin.org\/wp-content\/uploads\/2015\/11\/jcvde.jpg\"><img loading=\"lazy\" class=\"alignnone size-full wp-image-999\" src=\"https:\/\/www.fondationchopin.org\/wp-content\/uploads\/2015\/11\/jcvde.jpg\" alt=\"jcvde\" width=\"160\" height=\"240\" \/><\/a><\/p>\n<p>Jean-Claude Vanden Eynden est n\u00e9 \u00e0 Bruxelles. Il commence le piano tr\u00e8s jeune et entre \u00e0 douze ans au Conservatoire Royal de musique de sa ville natale o\u00f9 il travaille sous la direction d\u2019Eduardo Del Pueyo jusqu\u2019\u00e0 la fin de ses \u00e9tudes \u00e0 la Chapelle Musicale Reine Elisabeth. Laur\u00e9at du Concours Reine Elisabeth \u00e0 seize ans, il commence aussit\u00f4t une carri\u00e8re de soliste qui le m\u00e8nera sur tous les continents.<br \/>\nJean-Claude Vanden Eynden a jou\u00e9 avec de nombreux orchestres symphoniques et ainsi collabor\u00e9 avec des chefs prestigieux tels Paul Kletzky, Rudolph Barsha\u00ef ou encore Yuri Temirkanov.<br \/>\nIl pratique \u00e9galement la musique de chambre avec des partenaires tels qu\u2019Augustin Dumay, Silvia Marcovici, Michaela Martin, Miriam Fried, V\u00e9ronique Bogaerts, G\u00e9rard Causs\u00e9, Frans Helmerson, Jos\u00e9 van Dam, Walter Boeykens, le Quatuor Enesco, le Quatuor Melos, le Quatuor Ysaye, \u2026<br \/>\nSon r\u00e9pertoire extr\u00eamement vaste comprend notamment la plupart des grands concertos, un large \u00e9ventail de pi\u00e8ces de musique de chambre ainsi qu\u2019une int\u00e9grale de l\u2019\u0153uvre pour piano seul de Maurice Ravel.<br \/>\nSa discographie est tr\u00e8s vari\u00e9e. Citons particuli\u00e8rement les concertos de Grieg et d\u2019Arthur De Greef (1er enregistrement mondial), la Sonate pour violon et piano de Lekeu (avec le regrett\u00e9 Philippe Hirshorn) et les Sonates et trio pour clarinette de Brahms avec W. Boeykens (Grand Prix du disque Caecilia).<br \/>\nIl est r\u00e9guli\u00e8rement appel\u00e9 comme membre du jury au Concours Reine Elisabeth ainsi qu\u2019\u00e0 d\u2019autres concours internationaux et particip\u00e9 \u00e0 des Festivals tels que Korsholm (Finlande), Umea (Su\u00e8de), Prades et La Chaise-Dieu (France) et surtout Stavelot (Belgique) dont il est conseiller artistique depuis 1987.<br \/>\nIl est actuellement professeur au Conservatoire de Bruxelles, \u00e0 la Chapelle Musicale Reine Elisabeth et est Directeur Artistique du Centre Europ\u00e9en de Ma\u00eetrise pianistique Eduardo Del Pueyo.<\/p>\n<h3>Biographie de Jos\u00e9 van Dam :<\/h3>\n<p><a href=\"https:\/\/www.fondationchopin.org\/wp-content\/uploads\/2015\/11\/jvd.jpg\"><img loading=\"lazy\" class=\"alignnone size-full wp-image-1000\" src=\"https:\/\/www.fondationchopin.org\/wp-content\/uploads\/2015\/11\/jvd.jpg\" alt=\"jvd\" width=\"128\" height=\"152\" \/><\/a><\/p>\n<p>De nationalit\u00e9 belge, Jos\u00e9 van Dam fait ses \u00e9tudes au Conservatoire de Bruxelles, sa ville natale. Laur\u00e9at de plusieurs grands concours, il est engag\u00e9 \u00e0 21 ans par l\u2019Op\u00e9ra de Paris o\u00f9 il fait ses d\u00e9buts dans Les Troyens de Berlioz. Depuis lors, il est l\u2019invit\u00e9 des plus grandes sc\u00e8nes et festivals du monde, de Covent Garden au MET, d\u2019Aix-en-Provence \u00e0 Saito Kinen, marquant de son empreinte \u2013 de chanteur et d\u2019acteur \u2013 tous les r\u00f4les qui lui sont confi\u00e9s, y compris en cr\u00e9ation, tel le r\u00f4le titre de Saint-Fran\u00e7ois d\u2019Assise d\u2019Olivier Messiaen, cr\u00e9\u00e9 \u00e0 Paris, \u00e0 l\u2019Op\u00e9ra Garnier. A cet \u00e9gard, sa contribution au succ\u00e8s des productions auxquelles il participa \u00e0 la Monnaie est inestimable. Jos\u00e9 van Dam domine \u00e9galement un vaste r\u00e9pertoire de concert, d\u2019oratorio et de lied, qu\u2019il eut l\u2019occasion de donner sous la direction de chefs \u00e9minents, tels Abbado, Muti, Ozawa, Karajan ou Pappano. Sa discographie, riche et \u00e9clectique, lui a valu de tr\u00e8s nombreux prix ; il s\u2019est \u00e9galement distingu\u00e9 dans deux films devenus des r\u00e9f\u00e9rences : Le Ma\u00eetre de musique de G\u00e9rard Corbiau et Don Giovanni (r\u00f4le de Leporello) de Joseph Losey. Outre diverses distinctions internationales prestigieuses, Jos\u00e9 van Dam a \u00e9t\u00e9 anobli par le Roi Albert II.<\/p>\n\n\t\t<style type=\"text\/css\">\n\t\t\t#gallery-1 {\n\t\t\t\tmargin: auto;\n\t\t\t}\n\t\t\t#gallery-1 .gallery-item {\n\t\t\t\tfloat: left;\n\t\t\t\tmargin-top: 10px;\n\t\t\t\ttext-align: center;\n\t\t\t\twidth: 33%;\n\t\t\t}\n\t\t\t#gallery-1 img {\n\t\t\t\tborder: 2px solid #cfcfcf;\n\t\t\t}\n\t\t\t#gallery-1 .gallery-caption {\n\t\t\t\tmargin-left: 0;\n\t\t\t}\n\t\t\t\/* see gallery_shortcode() in wp-includes\/media.php *\/\n\t\t<\/style>\n\t\t<div id='gallery-1' class='gallery galleryid-931 gallery-columns-3 gallery-size-thumbnail'><dl class='gallery-item'>\n\t\t\t<dt class='gallery-icon landscape'>\n\t\t\t\t<a href='https:\/\/www.fondationchopin.org\/index.php\/diner-concert-dans-les-salons-de-lhotel-le-plaza-le-samedi-12-decembre-2015-a-18h\/2dsc_0071\/'><img width=\"140\" height=\"140\" src=\"https:\/\/www.fondationchopin.org\/wp-content\/uploads\/2015\/11\/2DSC_0071-140x140.jpg\" class=\"attachment-thumbnail size-thumbnail\" alt=\"\" loading=\"lazy\" \/><\/a>\n\t\t\t<\/dt><\/dl><dl class='gallery-item'>\n\t\t\t<dt class='gallery-icon landscape'>\n\t\t\t\t<a href='https:\/\/www.fondationchopin.org\/index.php\/diner-concert-dans-les-salons-de-lhotel-le-plaza-le-samedi-12-decembre-2015-a-18h\/dsc_0028\/'><img width=\"140\" height=\"140\" src=\"https:\/\/www.fondationchopin.org\/wp-content\/uploads\/2015\/11\/DSC_0028-140x140.jpg\" class=\"attachment-thumbnail size-thumbnail\" alt=\"\" loading=\"lazy\" \/><\/a>\n\t\t\t<\/dt><\/dl><dl class='gallery-item'>\n\t\t\t<dt class='gallery-icon landscape'>\n\t\t\t\t<a href='https:\/\/www.fondationchopin.org\/index.php\/diner-concert-dans-les-salons-de-lhotel-le-plaza-le-samedi-12-decembre-2015-a-18h\/dsc_0042\/'><img width=\"140\" height=\"140\" src=\"https:\/\/www.fondationchopin.org\/wp-content\/uploads\/2015\/11\/DSC_0042-140x140.jpg\" class=\"attachment-thumbnail size-thumbnail\" alt=\"\" loading=\"lazy\" \/><\/a>\n\t\t\t<\/dt><\/dl><br style=\"clear: both\" \/><dl class='gallery-item'>\n\t\t\t<dt class='gallery-icon landscape'>\n\t\t\t\t<a href='https:\/\/www.fondationchopin.org\/index.php\/diner-concert-dans-les-salons-de-lhotel-le-plaza-le-samedi-12-decembre-2015-a-18h\/dsc_0056\/'><img width=\"140\" height=\"140\" src=\"https:\/\/www.fondationchopin.org\/wp-content\/uploads\/2015\/11\/DSC_0056-140x140.jpg\" class=\"attachment-thumbnail size-thumbnail\" alt=\"\" loading=\"lazy\" \/><\/a>\n\t\t\t<\/dt><\/dl><dl class='gallery-item'>\n\t\t\t<dt class='gallery-icon landscape'>\n\t\t\t\t<a href='https:\/\/www.fondationchopin.org\/index.php\/diner-concert-dans-les-salons-de-lhotel-le-plaza-le-samedi-12-decembre-2015-a-18h\/dsc_0068\/'><img width=\"140\" height=\"140\" src=\"https:\/\/www.fondationchopin.org\/wp-content\/uploads\/2015\/11\/DSC_0068-140x140.jpg\" class=\"attachment-thumbnail size-thumbnail\" alt=\"\" loading=\"lazy\" \/><\/a>\n\t\t\t<\/dt><\/dl><dl class='gallery-item'>\n\t\t\t<dt class='gallery-icon landscape'>\n\t\t\t\t<a href='https:\/\/www.fondationchopin.org\/index.php\/diner-concert-dans-les-salons-de-lhotel-le-plaza-le-samedi-12-decembre-2015-a-18h\/dsc_0057\/'><img width=\"140\" height=\"140\" src=\"https:\/\/www.fondationchopin.org\/wp-content\/uploads\/2015\/11\/DSC_0057-140x140.jpg\" class=\"attachment-thumbnail size-thumbnail\" alt=\"\" loading=\"lazy\" \/><\/a>\n\t\t\t<\/dt><\/dl><br style=\"clear: both\" \/><dl class='gallery-item'>\n\t\t\t<dt class='gallery-icon landscape'>\n\t\t\t\t<a href='https:\/\/www.fondationchopin.org\/index.php\/diner-concert-dans-les-salons-de-lhotel-le-plaza-le-samedi-12-decembre-2015-a-18h\/dsc_0076\/'><img width=\"140\" height=\"140\" src=\"https:\/\/www.fondationchopin.org\/wp-content\/uploads\/2015\/11\/DSC_0076-140x140.jpg\" class=\"attachment-thumbnail size-thumbnail\" alt=\"\" loading=\"lazy\" \/><\/a>\n\t\t\t<\/dt><\/dl><dl class='gallery-item'>\n\t\t\t<dt class='gallery-icon landscape'>\n\t\t\t\t<a href='https:\/\/www.fondationchopin.org\/index.php\/diner-concert-dans-les-salons-de-lhotel-le-plaza-le-samedi-12-decembre-2015-a-18h\/dsc_0090\/'><img width=\"140\" height=\"140\" src=\"https:\/\/www.fondationchopin.org\/wp-content\/uploads\/2015\/11\/DSC_0090-140x140.jpg\" class=\"attachment-thumbnail size-thumbnail\" alt=\"\" loading=\"lazy\" \/><\/a>\n\t\t\t<\/dt><\/dl><dl class='gallery-item'>\n\t\t\t<dt class='gallery-icon landscape'>\n\t\t\t\t<a href='https:\/\/www.fondationchopin.org\/index.php\/diner-concert-dans-les-salons-de-lhotel-le-plaza-le-samedi-12-decembre-2015-a-18h\/dsc_0091\/'><img width=\"140\" height=\"140\" src=\"https:\/\/www.fondationchopin.org\/wp-content\/uploads\/2015\/11\/DSC_0091-140x140.jpg\" class=\"attachment-thumbnail size-thumbnail\" alt=\"\" loading=\"lazy\" \/><\/a>\n\t\t\t<\/dt><\/dl><br style=\"clear: both\" \/><dl class='gallery-item'>\n\t\t\t<dt class='gallery-icon landscape'>\n\t\t\t\t<a href='https:\/\/www.fondationchopin.org\/index.php\/diner-concert-dans-les-salons-de-lhotel-le-plaza-le-samedi-12-decembre-2015-a-18h\/dsc_0098\/'><img width=\"140\" height=\"140\" src=\"https:\/\/www.fondationchopin.org\/wp-content\/uploads\/2015\/11\/DSC_0098-140x140.jpg\" class=\"attachment-thumbnail size-thumbnail\" alt=\"\" loading=\"lazy\" \/><\/a>\n\t\t\t<\/dt><\/dl><dl class='gallery-item'>\n\t\t\t<dt class='gallery-icon landscape'>\n\t\t\t\t<a href='https:\/\/www.fondationchopin.org\/index.php\/diner-concert-dans-les-salons-de-lhotel-le-plaza-le-samedi-12-decembre-2015-a-18h\/dsc_0116\/'><img width=\"140\" height=\"140\" src=\"https:\/\/www.fondationchopin.org\/wp-content\/uploads\/2015\/11\/DSC_0116-140x140.jpg\" class=\"attachment-thumbnail size-thumbnail\" alt=\"\" loading=\"lazy\" \/><\/a>\n\t\t\t<\/dt><\/dl><dl class='gallery-item'>\n\t\t\t<dt class='gallery-icon landscape'>\n\t\t\t\t<a href='https:\/\/www.fondationchopin.org\/index.php\/diner-concert-dans-les-salons-de-lhotel-le-plaza-le-samedi-12-decembre-2015-a-18h\/dsc_0117\/'><img width=\"140\" height=\"140\" src=\"https:\/\/www.fondationchopin.org\/wp-content\/uploads\/2015\/11\/DSC_0117-140x140.jpg\" class=\"attachment-thumbnail size-thumbnail\" alt=\"\" loading=\"lazy\" \/><\/a>\n\t\t\t<\/dt><\/dl><br style=\"clear: both\" \/><dl class='gallery-item'>\n\t\t\t<dt class='gallery-icon landscape'>\n\t\t\t\t<a href='https:\/\/www.fondationchopin.org\/index.php\/diner-concert-dans-les-salons-de-lhotel-le-plaza-le-samedi-12-decembre-2015-a-18h\/dsc_0411\/'><img width=\"140\" height=\"140\" src=\"https:\/\/www.fondationchopin.org\/wp-content\/uploads\/2015\/11\/DSC_0411-140x140.jpg\" class=\"attachment-thumbnail size-thumbnail\" alt=\"\" loading=\"lazy\" \/><\/a>\n\t\t\t<\/dt><\/dl><dl class='gallery-item'>\n\t\t\t<dt class='gallery-icon landscape'>\n\t\t\t\t<a href='https:\/\/www.fondationchopin.org\/index.php\/diner-concert-dans-les-salons-de-lhotel-le-plaza-le-samedi-12-decembre-2015-a-18h\/dsc_0130\/'><img width=\"140\" height=\"140\" src=\"https:\/\/www.fondationchopin.org\/wp-content\/uploads\/2015\/11\/DSC_0130-140x140.jpg\" class=\"attachment-thumbnail size-thumbnail\" alt=\"\" loading=\"lazy\" \/><\/a>\n\t\t\t<\/dt><\/dl><dl class='gallery-item'>\n\t\t\t<dt class='gallery-icon landscape'>\n\t\t\t\t<a href='https:\/\/www.fondationchopin.org\/index.php\/diner-concert-dans-les-salons-de-lhotel-le-plaza-le-samedi-12-decembre-2015-a-18h\/dsc_0126\/'><img width=\"140\" height=\"140\" src=\"https:\/\/www.fondationchopin.org\/wp-content\/uploads\/2015\/11\/DSC_0126-140x140.jpg\" class=\"attachment-thumbnail size-thumbnail\" alt=\"\" loading=\"lazy\" \/><\/a>\n\t\t\t<\/dt><\/dl><br style=\"clear: both\" \/><dl class='gallery-item'>\n\t\t\t<dt class='gallery-icon landscape'>\n\t\t\t\t<a href='https:\/\/www.fondationchopin.org\/index.php\/diner-concert-dans-les-salons-de-lhotel-le-plaza-le-samedi-12-decembre-2015-a-18h\/dsc_0128\/'><img width=\"140\" height=\"140\" src=\"https:\/\/www.fondationchopin.org\/wp-content\/uploads\/2015\/11\/DSC_0128-140x140.jpg\" class=\"attachment-thumbnail size-thumbnail\" alt=\"\" loading=\"lazy\" \/><\/a>\n\t\t\t<\/dt><\/dl><dl class='gallery-item'>\n\t\t\t<dt class='gallery-icon landscape'>\n\t\t\t\t<a href='https:\/\/www.fondationchopin.org\/index.php\/diner-concert-dans-les-salons-de-lhotel-le-plaza-le-samedi-12-decembre-2015-a-18h\/dsc_0133\/'><img width=\"140\" height=\"140\" src=\"https:\/\/www.fondationchopin.org\/wp-content\/uploads\/2015\/11\/DSC_0133-140x140.jpg\" class=\"attachment-thumbnail size-thumbnail\" alt=\"\" loading=\"lazy\" \/><\/a>\n\t\t\t<\/dt><\/dl><dl class='gallery-item'>\n\t\t\t<dt class='gallery-icon portrait'>\n\t\t\t\t<a href='https:\/\/www.fondationchopin.org\/index.php\/diner-concert-dans-les-salons-de-lhotel-le-plaza-le-samedi-12-decembre-2015-a-18h\/dsc_0174\/'><img width=\"140\" height=\"140\" src=\"https:\/\/www.fondationchopin.org\/wp-content\/uploads\/2015\/11\/DSC_0174-140x140.jpg\" class=\"attachment-thumbnail size-thumbnail\" alt=\"\" loading=\"lazy\" \/><\/a>\n\t\t\t<\/dt><\/dl><br style=\"clear: both\" \/><dl class='gallery-item'>\n\t\t\t<dt class='gallery-icon landscape'>\n\t\t\t\t<a href='https:\/\/www.fondationchopin.org\/index.php\/diner-concert-dans-les-salons-de-lhotel-le-plaza-le-samedi-12-decembre-2015-a-18h\/dsc_0212\/'><img width=\"140\" height=\"140\" src=\"https:\/\/www.fondationchopin.org\/wp-content\/uploads\/2015\/11\/DSC_0212-140x140.jpg\" class=\"attachment-thumbnail size-thumbnail\" alt=\"\" loading=\"lazy\" \/><\/a>\n\t\t\t<\/dt><\/dl><dl class='gallery-item'>\n\t\t\t<dt class='gallery-icon landscape'>\n\t\t\t\t<a href='https:\/\/www.fondationchopin.org\/index.php\/diner-concert-dans-les-salons-de-lhotel-le-plaza-le-samedi-12-decembre-2015-a-18h\/dsc_0235\/'><img width=\"140\" height=\"140\" src=\"https:\/\/www.fondationchopin.org\/wp-content\/uploads\/2015\/11\/DSC_0235-140x140.jpg\" class=\"attachment-thumbnail size-thumbnail\" alt=\"\" loading=\"lazy\" \/><\/a>\n\t\t\t<\/dt><\/dl><dl class='gallery-item'>\n\t\t\t<dt class='gallery-icon landscape'>\n\t\t\t\t<a href='https:\/\/www.fondationchopin.org\/index.php\/diner-concert-dans-les-salons-de-lhotel-le-plaza-le-samedi-12-decembre-2015-a-18h\/dsc_0276\/'><img width=\"140\" height=\"140\" src=\"https:\/\/www.fondationchopin.org\/wp-content\/uploads\/2015\/11\/DSC_0276-140x140.jpg\" class=\"attachment-thumbnail size-thumbnail\" alt=\"\" loading=\"lazy\" \/><\/a>\n\t\t\t<\/dt><\/dl><br style=\"clear: both\" \/><dl class='gallery-item'>\n\t\t\t<dt class='gallery-icon landscape'>\n\t\t\t\t<a href='https:\/\/www.fondationchopin.org\/index.php\/diner-concert-dans-les-salons-de-lhotel-le-plaza-le-samedi-12-decembre-2015-a-18h\/dsc_0278\/'><img width=\"140\" height=\"140\" src=\"https:\/\/www.fondationchopin.org\/wp-content\/uploads\/2015\/11\/DSC_0278-140x140.jpg\" class=\"attachment-thumbnail size-thumbnail\" alt=\"\" loading=\"lazy\" \/><\/a>\n\t\t\t<\/dt><\/dl><dl class='gallery-item'>\n\t\t\t<dt class='gallery-icon landscape'>\n\t\t\t\t<a href='https:\/\/www.fondationchopin.org\/index.php\/diner-concert-dans-les-salons-de-lhotel-le-plaza-le-samedi-12-decembre-2015-a-18h\/dsc_0283\/'><img width=\"140\" height=\"140\" src=\"https:\/\/www.fondationchopin.org\/wp-content\/uploads\/2015\/11\/DSC_0283-140x140.jpg\" class=\"attachment-thumbnail size-thumbnail\" alt=\"\" loading=\"lazy\" \/><\/a>\n\t\t\t<\/dt><\/dl><dl class='gallery-item'>\n\t\t\t<dt class='gallery-icon landscape'>\n\t\t\t\t<a href='https:\/\/www.fondationchopin.org\/index.php\/diner-concert-dans-les-salons-de-lhotel-le-plaza-le-samedi-12-decembre-2015-a-18h\/dsc_0295\/'><img width=\"140\" height=\"140\" src=\"https:\/\/www.fondationchopin.org\/wp-content\/uploads\/2015\/11\/DSC_0295-140x140.jpg\" class=\"attachment-thumbnail size-thumbnail\" alt=\"\" loading=\"lazy\" \/><\/a>\n\t\t\t<\/dt><\/dl><br style=\"clear: both\" \/><dl class='gallery-item'>\n\t\t\t<dt class='gallery-icon landscape'>\n\t\t\t\t<a href='https:\/\/www.fondationchopin.org\/index.php\/diner-concert-dans-les-salons-de-lhotel-le-plaza-le-samedi-12-decembre-2015-a-18h\/dsc_0299\/'><img width=\"140\" height=\"140\" src=\"https:\/\/www.fondationchopin.org\/wp-content\/uploads\/2015\/11\/DSC_0299-140x140.jpg\" class=\"attachment-thumbnail size-thumbnail\" alt=\"\" loading=\"lazy\" \/><\/a>\n\t\t\t<\/dt><\/dl><dl class='gallery-item'>\n\t\t\t<dt class='gallery-icon landscape'>\n\t\t\t\t<a href='https:\/\/www.fondationchopin.org\/index.php\/diner-concert-dans-les-salons-de-lhotel-le-plaza-le-samedi-12-decembre-2015-a-18h\/dsc_0318\/'><img width=\"140\" height=\"140\" src=\"https:\/\/www.fondationchopin.org\/wp-content\/uploads\/2015\/11\/DSC_0318-140x140.jpg\" class=\"attachment-thumbnail size-thumbnail\" alt=\"\" loading=\"lazy\" \/><\/a>\n\t\t\t<\/dt><\/dl><dl class='gallery-item'>\n\t\t\t<dt class='gallery-icon landscape'>\n\t\t\t\t<a href='https:\/\/www.fondationchopin.org\/index.php\/diner-concert-dans-les-salons-de-lhotel-le-plaza-le-samedi-12-decembre-2015-a-18h\/dsc_0204\/'><img width=\"140\" height=\"140\" src=\"https:\/\/www.fondationchopin.org\/wp-content\/uploads\/2015\/11\/DSC_0204-140x140.jpg\" class=\"attachment-thumbnail size-thumbnail\" alt=\"\" loading=\"lazy\" \/><\/a>\n\t\t\t<\/dt><\/dl><br style=\"clear: both\" \/><dl class='gallery-item'>\n\t\t\t<dt class='gallery-icon landscape'>\n\t\t\t\t<a href='https:\/\/www.fondationchopin.org\/index.php\/diner-concert-dans-les-salons-de-lhotel-le-plaza-le-samedi-12-decembre-2015-a-18h\/dsc_0374\/'><img width=\"140\" height=\"140\" src=\"https:\/\/www.fondationchopin.org\/wp-content\/uploads\/2015\/11\/DSC_0374-140x140.jpg\" class=\"attachment-thumbnail size-thumbnail\" alt=\"\" loading=\"lazy\" \/><\/a>\n\t\t\t<\/dt><\/dl><dl class='gallery-item'>\n\t\t\t<dt class='gallery-icon landscape'>\n\t\t\t\t<a href='https:\/\/www.fondationchopin.org\/index.php\/diner-concert-dans-les-salons-de-lhotel-le-plaza-le-samedi-12-decembre-2015-a-18h\/dsc_0332\/'><img width=\"140\" height=\"140\" src=\"https:\/\/www.fondationchopin.org\/wp-content\/uploads\/2015\/11\/DSC_0332-140x140.jpg\" class=\"attachment-thumbnail size-thumbnail\" alt=\"\" loading=\"lazy\" \/><\/a>\n\t\t\t<\/dt><\/dl><dl class='gallery-item'>\n\t\t\t<dt class='gallery-icon landscape'>\n\t\t\t\t<a href='https:\/\/www.fondationchopin.org\/index.php\/diner-concert-dans-les-salons-de-lhotel-le-plaza-le-samedi-12-decembre-2015-a-18h\/dsc_0357\/'><img width=\"140\" height=\"140\" src=\"https:\/\/www.fondationchopin.org\/wp-content\/uploads\/2015\/11\/DSC_0357-140x140.jpg\" class=\"attachment-thumbnail size-thumbnail\" alt=\"\" loading=\"lazy\" \/><\/a>\n\t\t\t<\/dt><\/dl><br style=\"clear: both\" \/><dl class='gallery-item'>\n\t\t\t<dt class='gallery-icon landscape'>\n\t\t\t\t<a href='https:\/\/www.fondationchopin.org\/index.php\/diner-concert-dans-les-salons-de-lhotel-le-plaza-le-samedi-12-decembre-2015-a-18h\/dsc_0365\/'><img width=\"140\" height=\"140\" src=\"https:\/\/www.fondationchopin.org\/wp-content\/uploads\/2015\/11\/DSC_0365-140x140.jpg\" class=\"attachment-thumbnail size-thumbnail\" alt=\"\" loading=\"lazy\" \/><\/a>\n\t\t\t<\/dt><\/dl><dl class='gallery-item'>\n\t\t\t<dt class='gallery-icon landscape'>\n\t\t\t\t<a href='https:\/\/www.fondationchopin.org\/index.php\/diner-concert-dans-les-salons-de-lhotel-le-plaza-le-samedi-12-decembre-2015-a-18h\/dsc_0380\/'><img width=\"140\" height=\"140\" src=\"https:\/\/www.fondationchopin.org\/wp-content\/uploads\/2015\/11\/DSC_0380-140x140.jpg\" class=\"attachment-thumbnail size-thumbnail\" alt=\"\" loading=\"lazy\" \/><\/a>\n\t\t\t<\/dt><\/dl><dl class='gallery-item'>\n\t\t\t<dt class='gallery-icon landscape'>\n\t\t\t\t<a href='https:\/\/www.fondationchopin.org\/index.php\/diner-concert-dans-les-salons-de-lhotel-le-plaza-le-samedi-12-decembre-2015-a-18h\/dsc_0369\/'><img width=\"140\" height=\"140\" src=\"https:\/\/www.fondationchopin.org\/wp-content\/uploads\/2015\/11\/DSC_0369-140x140.jpg\" class=\"attachment-thumbnail size-thumbnail\" alt=\"\" loading=\"lazy\" \/><\/a>\n\t\t\t<\/dt><\/dl><br style=\"clear: both\" \/>\n\t\t<\/div>\n\n<p>&nbsp;<\/p>\n<p>&nbsp;<\/p>\n","protected":false},"excerpt":{"rendered":"<p>Le 12 d\u00e9cembre 2015, dans les Salons de l\u2019H\u00f4tel Plazza \u00e0 Bruxelles, la Fondation Chopin, sous le Haut Patronage de SEM Harazim, ambassadeur de la R\u00e9publique de Pologne, organisait un d\u00eener de gala somptueux en pr\u00e9sence de nombreuses personnalit\u00e9s du monde de la diplomatie et des affaires. Ma\u00eetre Jean-Claude Vanden Eynden, le Baron Jos\u00e9 Van &hellip; <a class=\"next\" href=\"https:\/\/www.fondationchopin.org\/index.php\/diner-concert-dans-les-salons-de-lhotel-le-plaza-le-samedi-12-decembre-2015-a-18h\/\">Lire la suite<\/a><\/p>\n","protected":false},"author":8,"featured_media":0,"comment_status":"open","ping_status":"open","sticky":false,"template":"","format":"standard","meta":[],"categories":[5],"tags":[],"_links":{"self":[{"href":"https:\/\/www.fondationchopin.org\/index.php\/wp-json\/wp\/v2\/posts\/931"}],"collection":[{"href":"https:\/\/www.fondationchopin.org\/index.php\/wp-json\/wp\/v2\/posts"}],"about":[{"href":"https:\/\/www.fondationchopin.org\/index.php\/wp-json\/wp\/v2\/types\/post"}],"author":[{"embeddable":true,"href":"https:\/\/www.fondationchopin.org\/index.php\/wp-json\/wp\/v2\/users\/8"}],"replies":[{"embeddable":true,"href":"https:\/\/www.fondationchopin.org\/index.php\/wp-json\/wp\/v2\/comments?post=931"}],"version-history":[{"count":22,"href":"https:\/\/www.fondationchopin.org\/index.php\/wp-json\/wp\/v2\/posts\/931\/revisions"}],"predecessor-version":[{"id":1103,"href":"https:\/\/www.fondationchopin.org\/index.php\/wp-json\/wp\/v2\/posts\/931\/revisions\/1103"}],"wp:attachment":[{"href":"https:\/\/www.fondationchopin.org\/index.php\/wp-json\/wp\/v2\/media?parent=931"}],"wp:term":[{"taxonomy":"category","embeddable":true,"href":"https:\/\/www.fondationchopin.org\/index.php\/wp-json\/wp\/v2\/categories?post=931"},{"taxonomy":"post_tag","embeddable":true,"href":"https:\/\/www.fondationchopin.org\/index.php\/wp-json\/wp\/v2\/tags?post=931"}],"curies":[{"name":"wp","href":"https:\/\/api.w.org\/{rel}","templated":true}]}}