{"id":959,"date":"2014-05-26T12:44:20","date_gmt":"2014-05-26T12:44:20","guid":{"rendered":"http:\/\/www.fondationchopin.org\/?p=959"},"modified":"2022-09-21T19:15:32","modified_gmt":"2022-09-21T19:15:32","slug":"diner-de-gala-recital-de-piano-violon-9-mai-2014-hotel-plaza-a-bruxelles","status":"publish","type":"post","link":"https:\/\/www.fondationchopin.org\/index.php\/diner-de-gala-recital-de-piano-violon-9-mai-2014-hotel-plaza-a-bruxelles\/","title":{"rendered":"D\u00eener de Gala &#8211; R\u00e9cital de piano &#038; violon, 9 mai 2014  H\u00f4tel Plaza \u00e0 Bruxelles"},"content":{"rendered":"<p>Programme<\/p>\n<p>LUDWIG VAN BEETHOVEN :\u00a0SONATE N\u00b09 OPUS 47 (\u00ab\u00a0Kreutzer\u00a0\u00bb)<\/p>\n<p>Adagio Sostenuto-Presto Andante con variazioni Finale-Presto<\/p>\n<p>CAMILLE SAINT-SA\u00cbNS :\u00a0INTRODUCTION &amp; RONDO CAPRICCIOSO OPUS 28<!--more--><\/p>\n<p>Interpr\u00e9t\u00e9s par\u00a0Ma\u00eetre Jean Claude Vanden Eynden, au piano &amp;\u00a0Lorenzo Gatto, laur\u00e9at du Concours Reine Elisabeth, au violon.<\/p>\n<p>S\u00e9lection &amp; interpr\u00e9tation par nos jeunes laur\u00e9ats<\/p>\n<p>Natalia Brzewska au violon\u00a0&amp; Tomoyo Masuda au piano<\/p>\n<p>Alexander Vaguener au piano<\/p>\n<p>Krzysztof Potocznik au piano<\/p>\n\n\t\t<style type=\"text\/css\">\n\t\t\t#gallery-1 {\n\t\t\t\tmargin: auto;\n\t\t\t}\n\t\t\t#gallery-1 .gallery-item {\n\t\t\t\tfloat: left;\n\t\t\t\tmargin-top: 10px;\n\t\t\t\ttext-align: center;\n\t\t\t\twidth: 33%;\n\t\t\t}\n\t\t\t#gallery-1 img {\n\t\t\t\tborder: 2px solid #cfcfcf;\n\t\t\t}\n\t\t\t#gallery-1 .gallery-caption {\n\t\t\t\tmargin-left: 0;\n\t\t\t}\n\t\t\t\/* see gallery_shortcode() in wp-includes\/media.php *\/\n\t\t<\/style>\n\t\t<div id='gallery-1' class='gallery galleryid-959 gallery-columns-3 gallery-size-thumbnail'><dl class='gallery-item'>\n\t\t\t<dt class='gallery-icon landscape'>\n\t\t\t\t<a href='https:\/\/www.fondationchopin.org\/index.php\/diner-de-gala-recital-de-piano-violon-9-mai-2014-hotel-plaza-a-bruxelles\/sony-dsc-8\/'><img width=\"140\" height=\"140\" src=\"https:\/\/www.fondationchopin.org\/wp-content\/uploads\/2015\/11\/DSC060021-140x140.jpg\" class=\"attachment-thumbnail size-thumbnail\" alt=\"\" loading=\"lazy\" \/><\/a>\n\t\t\t<\/dt><\/dl><dl class='gallery-item'>\n\t\t\t<dt class='gallery-icon landscape'>\n\t\t\t\t<a href='https:\/\/www.fondationchopin.org\/index.php\/diner-de-gala-recital-de-piano-violon-9-mai-2014-hotel-plaza-a-bruxelles\/sony-dsc-9\/'><img width=\"140\" height=\"140\" src=\"https:\/\/www.fondationchopin.org\/wp-content\/uploads\/2015\/11\/DSC060031-140x140.jpg\" class=\"attachment-thumbnail size-thumbnail\" alt=\"\" loading=\"lazy\" \/><\/a>\n\t\t\t<\/dt><\/dl><dl class='gallery-item'>\n\t\t\t<dt class='gallery-icon portrait'>\n\t\t\t\t<a href='https:\/\/www.fondationchopin.org\/index.php\/diner-de-gala-recital-de-piano-violon-9-mai-2014-hotel-plaza-a-bruxelles\/sony-dsc-10\/'><img width=\"140\" height=\"140\" src=\"https:\/\/www.fondationchopin.org\/wp-content\/uploads\/2015\/11\/DSC060091-e1448553668429-140x140.jpg\" class=\"attachment-thumbnail size-thumbnail\" alt=\"\" loading=\"lazy\" \/><\/a>\n\t\t\t<\/dt><\/dl><br style=\"clear: both\" \/><dl class='gallery-item'>\n\t\t\t<dt class='gallery-icon landscape'>\n\t\t\t\t<a href='https:\/\/www.fondationchopin.org\/index.php\/diner-de-gala-recital-de-piano-violon-9-mai-2014-hotel-plaza-a-bruxelles\/sony-dsc-11\/'><img width=\"140\" height=\"140\" src=\"https:\/\/www.fondationchopin.org\/wp-content\/uploads\/2015\/11\/DSC060141-140x140.jpg\" class=\"attachment-thumbnail size-thumbnail\" alt=\"\" loading=\"lazy\" \/><\/a>\n\t\t\t<\/dt><\/dl><dl class='gallery-item'>\n\t\t\t<dt class='gallery-icon landscape'>\n\t\t\t\t<a href='https:\/\/www.fondationchopin.org\/index.php\/diner-de-gala-recital-de-piano-violon-9-mai-2014-hotel-plaza-a-bruxelles\/sony-dsc-12\/'><img width=\"140\" height=\"140\" src=\"https:\/\/www.fondationchopin.org\/wp-content\/uploads\/2015\/11\/DSC060231-140x140.jpg\" class=\"attachment-thumbnail size-thumbnail\" alt=\"\" loading=\"lazy\" \/><\/a>\n\t\t\t<\/dt><\/dl><dl class='gallery-item'>\n\t\t\t<dt class='gallery-icon landscape'>\n\t\t\t\t<a href='https:\/\/www.fondationchopin.org\/index.php\/diner-de-gala-recital-de-piano-violon-9-mai-2014-hotel-plaza-a-bruxelles\/sony-dsc-13\/'><img width=\"140\" height=\"140\" src=\"https:\/\/www.fondationchopin.org\/wp-content\/uploads\/2015\/11\/DSC060261-140x140.jpg\" class=\"attachment-thumbnail size-thumbnail\" alt=\"\" loading=\"lazy\" \/><\/a>\n\t\t\t<\/dt><\/dl><br style=\"clear: both\" \/><dl class='gallery-item'>\n\t\t\t<dt class='gallery-icon landscape'>\n\t\t\t\t<a href='https:\/\/www.fondationchopin.org\/index.php\/diner-de-gala-recital-de-piano-violon-9-mai-2014-hotel-plaza-a-bruxelles\/sony-dsc-14\/'><img width=\"140\" height=\"140\" src=\"https:\/\/www.fondationchopin.org\/wp-content\/uploads\/2015\/11\/DSC060271-140x140.jpg\" class=\"attachment-thumbnail size-thumbnail\" alt=\"\" loading=\"lazy\" \/><\/a>\n\t\t\t<\/dt><\/dl><dl class='gallery-item'>\n\t\t\t<dt class='gallery-icon landscape'>\n\t\t\t\t<a href='https:\/\/www.fondationchopin.org\/index.php\/diner-de-gala-recital-de-piano-violon-9-mai-2014-hotel-plaza-a-bruxelles\/sony-dsc-15\/'><img width=\"140\" height=\"140\" src=\"https:\/\/www.fondationchopin.org\/wp-content\/uploads\/2015\/11\/DSC060281-140x140.jpg\" class=\"attachment-thumbnail size-thumbnail\" alt=\"\" loading=\"lazy\" \/><\/a>\n\t\t\t<\/dt><\/dl><dl class='gallery-item'>\n\t\t\t<dt class='gallery-icon landscape'>\n\t\t\t\t<a href='https:\/\/www.fondationchopin.org\/index.php\/diner-de-gala-recital-de-piano-violon-9-mai-2014-hotel-plaza-a-bruxelles\/sony-dsc-16\/'><img width=\"140\" height=\"140\" src=\"https:\/\/www.fondationchopin.org\/wp-content\/uploads\/2015\/11\/DSC060301-140x140.jpg\" class=\"attachment-thumbnail size-thumbnail\" alt=\"\" loading=\"lazy\" \/><\/a>\n\t\t\t<\/dt><\/dl><br style=\"clear: both\" \/><dl class='gallery-item'>\n\t\t\t<dt class='gallery-icon portrait'>\n\t\t\t\t<a href='https:\/\/www.fondationchopin.org\/index.php\/diner-de-gala-recital-de-piano-violon-9-mai-2014-hotel-plaza-a-bruxelles\/sony-dsc-17\/'><img width=\"140\" height=\"140\" src=\"https:\/\/www.fondationchopin.org\/wp-content\/uploads\/2015\/11\/DSC060311-e1448553644550-140x140.jpg\" class=\"attachment-thumbnail size-thumbnail\" alt=\"\" loading=\"lazy\" srcset=\"https:\/\/www.fondationchopin.org\/wp-content\/uploads\/2015\/11\/DSC060311-e1448553644550-140x140.jpg 140w, https:\/\/www.fondationchopin.org\/wp-content\/uploads\/2015\/11\/DSC060311-e1448553644550-500x500.jpg 500w\" sizes=\"(max-width: 140px) 100vw, 140px\" \/><\/a>\n\t\t\t<\/dt><\/dl><dl class='gallery-item'>\n\t\t\t<dt class='gallery-icon landscape'>\n\t\t\t\t<a href='https:\/\/www.fondationchopin.org\/index.php\/diner-de-gala-recital-de-piano-violon-9-mai-2014-hotel-plaza-a-bruxelles\/sony-dsc-18\/'><img width=\"140\" height=\"140\" src=\"https:\/\/www.fondationchopin.org\/wp-content\/uploads\/2015\/11\/DSC060321-140x140.jpg\" class=\"attachment-thumbnail size-thumbnail\" alt=\"\" loading=\"lazy\" \/><\/a>\n\t\t\t<\/dt><\/dl><dl class='gallery-item'>\n\t\t\t<dt class='gallery-icon portrait'>\n\t\t\t\t<a href='https:\/\/www.fondationchopin.org\/index.php\/diner-de-gala-recital-de-piano-violon-9-mai-2014-hotel-plaza-a-bruxelles\/sony-dsc-19\/'><img width=\"140\" height=\"140\" src=\"https:\/\/www.fondationchopin.org\/wp-content\/uploads\/2015\/11\/DSC060361-e1448553728311-140x140.jpg\" class=\"attachment-thumbnail size-thumbnail\" alt=\"\" loading=\"lazy\" \/><\/a>\n\t\t\t<\/dt><\/dl><br style=\"clear: both\" \/><dl class='gallery-item'>\n\t\t\t<dt class='gallery-icon portrait'>\n\t\t\t\t<a href='https:\/\/www.fondationchopin.org\/index.php\/diner-de-gala-recital-de-piano-violon-9-mai-2014-hotel-plaza-a-bruxelles\/sony-dsc-20\/'><img width=\"140\" height=\"140\" src=\"https:\/\/www.fondationchopin.org\/wp-content\/uploads\/2015\/11\/DSC060371-e1448553713653-140x140.jpg\" class=\"attachment-thumbnail size-thumbnail\" alt=\"\" loading=\"lazy\" \/><\/a>\n\t\t\t<\/dt><\/dl><dl class='gallery-item'>\n\t\t\t<dt class='gallery-icon portrait'>\n\t\t\t\t<a href='https:\/\/www.fondationchopin.org\/index.php\/diner-de-gala-recital-de-piano-violon-9-mai-2014-hotel-plaza-a-bruxelles\/sony-dsc-21\/'><img width=\"140\" height=\"140\" src=\"https:\/\/www.fondationchopin.org\/wp-content\/uploads\/2015\/11\/DSC060381-e1448553697841-140x140.jpg\" class=\"attachment-thumbnail size-thumbnail\" alt=\"\" loading=\"lazy\" \/><\/a>\n\t\t\t<\/dt><\/dl><dl class='gallery-item'>\n\t\t\t<dt class='gallery-icon landscape'>\n\t\t\t\t<a href='https:\/\/www.fondationchopin.org\/index.php\/diner-de-gala-recital-de-piano-violon-9-mai-2014-hotel-plaza-a-bruxelles\/sony-dsc-22\/'><img width=\"140\" height=\"140\" src=\"https:\/\/www.fondationchopin.org\/wp-content\/uploads\/2015\/11\/DSC060391-140x140.jpg\" class=\"attachment-thumbnail size-thumbnail\" alt=\"\" loading=\"lazy\" \/><\/a>\n\t\t\t<\/dt><\/dl><br style=\"clear: both\" \/><dl class='gallery-item'>\n\t\t\t<dt class='gallery-icon portrait'>\n\t\t\t\t<a href='https:\/\/www.fondationchopin.org\/index.php\/diner-de-gala-recital-de-piano-violon-9-mai-2014-hotel-plaza-a-bruxelles\/sony-dsc-23\/'><img width=\"140\" height=\"140\" src=\"https:\/\/www.fondationchopin.org\/wp-content\/uploads\/2015\/11\/DSC060431-e1448553683883-140x140.jpg\" class=\"attachment-thumbnail size-thumbnail\" alt=\"\" loading=\"lazy\" \/><\/a>\n\t\t\t<\/dt><\/dl><dl class='gallery-item'>\n\t\t\t<dt class='gallery-icon portrait'>\n\t\t\t\t<a href='https:\/\/www.fondationchopin.org\/index.php\/diner-de-gala-recital-de-piano-violon-9-mai-2014-hotel-plaza-a-bruxelles\/sony-dsc-24\/'><img width=\"140\" height=\"140\" src=\"https:\/\/www.fondationchopin.org\/wp-content\/uploads\/2015\/11\/DSC060441-e1448553744404-140x140.jpg\" class=\"attachment-thumbnail size-thumbnail\" alt=\"\" loading=\"lazy\" \/><\/a>\n\t\t\t<\/dt><\/dl><dl class='gallery-item'>\n\t\t\t<dt class='gallery-icon portrait'>\n\t\t\t\t<a href='https:\/\/www.fondationchopin.org\/index.php\/diner-de-gala-recital-de-piano-violon-9-mai-2014-hotel-plaza-a-bruxelles\/sony-dsc-27\/'><img width=\"140\" height=\"140\" src=\"https:\/\/www.fondationchopin.org\/wp-content\/uploads\/2015\/11\/DSC06051-140x140.jpg\" class=\"attachment-thumbnail size-thumbnail\" alt=\"\" loading=\"lazy\" \/><\/a>\n\t\t\t<\/dt><\/dl><br style=\"clear: both\" \/><dl class='gallery-item'>\n\t\t\t<dt class='gallery-icon landscape'>\n\t\t\t\t<a href='https:\/\/www.fondationchopin.org\/index.php\/diner-de-gala-recital-de-piano-violon-9-mai-2014-hotel-plaza-a-bruxelles\/sony-dsc-29\/'><img width=\"140\" height=\"140\" src=\"https:\/\/www.fondationchopin.org\/wp-content\/uploads\/2015\/11\/DSC06057-140x140.jpg\" class=\"attachment-thumbnail size-thumbnail\" alt=\"\" loading=\"lazy\" \/><\/a>\n\t\t\t<\/dt><\/dl><dl class='gallery-item'>\n\t\t\t<dt class='gallery-icon landscape'>\n\t\t\t\t<a href='https:\/\/www.fondationchopin.org\/index.php\/diner-de-gala-recital-de-piano-violon-9-mai-2014-hotel-plaza-a-bruxelles\/sony-dsc-30\/'><img width=\"140\" height=\"140\" src=\"https:\/\/www.fondationchopin.org\/wp-content\/uploads\/2015\/11\/DSC06058-140x140.jpg\" class=\"attachment-thumbnail size-thumbnail\" alt=\"\" loading=\"lazy\" \/><\/a>\n\t\t\t<\/dt><\/dl><dl class='gallery-item'>\n\t\t\t<dt class='gallery-icon landscape'>\n\t\t\t\t<a href='https:\/\/www.fondationchopin.org\/index.php\/diner-de-gala-recital-de-piano-violon-9-mai-2014-hotel-plaza-a-bruxelles\/sony-dsc-31\/'><img width=\"140\" height=\"140\" src=\"https:\/\/www.fondationchopin.org\/wp-content\/uploads\/2015\/11\/DSC06059-140x140.jpg\" class=\"attachment-thumbnail size-thumbnail\" alt=\"\" loading=\"lazy\" \/><\/a>\n\t\t\t<\/dt><\/dl><br style=\"clear: both\" \/><dl class='gallery-item'>\n\t\t\t<dt class='gallery-icon landscape'>\n\t\t\t\t<a href='https:\/\/www.fondationchopin.org\/index.php\/diner-de-gala-recital-de-piano-violon-9-mai-2014-hotel-plaza-a-bruxelles\/sony-dsc-32\/'><img width=\"140\" height=\"140\" src=\"https:\/\/www.fondationchopin.org\/wp-content\/uploads\/2015\/11\/DSC06060-140x140.jpg\" class=\"attachment-thumbnail size-thumbnail\" alt=\"\" loading=\"lazy\" \/><\/a>\n\t\t\t<\/dt><\/dl><dl class='gallery-item'>\n\t\t\t<dt class='gallery-icon portrait'>\n\t\t\t\t<a href='https:\/\/www.fondationchopin.org\/index.php\/diner-de-gala-recital-de-piano-violon-9-mai-2014-hotel-plaza-a-bruxelles\/sony-dsc-33\/'><img width=\"140\" height=\"140\" src=\"https:\/\/www.fondationchopin.org\/wp-content\/uploads\/2015\/11\/DSC06063-140x140.jpg\" class=\"attachment-thumbnail size-thumbnail\" alt=\"\" loading=\"lazy\" \/><\/a>\n\t\t\t<\/dt><\/dl><dl class='gallery-item'>\n\t\t\t<dt class='gallery-icon portrait'>\n\t\t\t\t<a href='https:\/\/www.fondationchopin.org\/index.php\/diner-de-gala-recital-de-piano-violon-9-mai-2014-hotel-plaza-a-bruxelles\/sony-dsc-34\/'><img width=\"140\" height=\"140\" src=\"https:\/\/www.fondationchopin.org\/wp-content\/uploads\/2015\/11\/DSC06064-140x140.jpg\" class=\"attachment-thumbnail size-thumbnail\" alt=\"\" loading=\"lazy\" \/><\/a>\n\t\t\t<\/dt><\/dl><br style=\"clear: both\" \/>\n\t\t<\/div>\n\n","protected":false},"excerpt":{"rendered":"<p>Programme LUDWIG VAN BEETHOVEN :\u00a0SONATE N\u00b09 OPUS 47 (\u00ab\u00a0Kreutzer\u00a0\u00bb) Adagio Sostenuto-Presto Andante con variazioni Finale-Presto CAMILLE SAINT-SA\u00cbNS :\u00a0INTRODUCTION &amp; RONDO CAPRICCIOSO OPUS 28<\/p>\n","protected":false},"author":8,"featured_media":0,"comment_status":"open","ping_status":"open","sticky":false,"template":"","format":"standard","meta":[],"categories":[5],"tags":[],"_links":{"self":[{"href":"https:\/\/www.fondationchopin.org\/index.php\/wp-json\/wp\/v2\/posts\/959"}],"collection":[{"href":"https:\/\/www.fondationchopin.org\/index.php\/wp-json\/wp\/v2\/posts"}],"about":[{"href":"https:\/\/www.fondationchopin.org\/index.php\/wp-json\/wp\/v2\/types\/post"}],"author":[{"embeddable":true,"href":"https:\/\/www.fondationchopin.org\/index.php\/wp-json\/wp\/v2\/users\/8"}],"replies":[{"embeddable":true,"href":"https:\/\/www.fondationchopin.org\/index.php\/wp-json\/wp\/v2\/comments?post=959"}],"version-history":[{"count":11,"href":"https:\/\/www.fondationchopin.org\/index.php\/wp-json\/wp\/v2\/posts\/959\/revisions"}],"predecessor-version":[{"id":2083,"href":"https:\/\/www.fondationchopin.org\/index.php\/wp-json\/wp\/v2\/posts\/959\/revisions\/2083"}],"wp:attachment":[{"href":"https:\/\/www.fondationchopin.org\/index.php\/wp-json\/wp\/v2\/media?parent=959"}],"wp:term":[{"taxonomy":"category","embeddable":true,"href":"https:\/\/www.fondationchopin.org\/index.php\/wp-json\/wp\/v2\/categories?post=959"},{"taxonomy":"post_tag","embeddable":true,"href":"https:\/\/www.fondationchopin.org\/index.php\/wp-json\/wp\/v2\/tags?post=959"}],"curies":[{"name":"wp","href":"https:\/\/api.w.org\/{rel}","templated":true}]}}