{"id":1078,"date":"2016-10-18T18:45:45","date_gmt":"2016-10-18T18:45:45","guid":{"rendered":"http:\/\/www.fondationchopin.org\/?p=1078"},"modified":"2026-04-03T14:39:05","modified_gmt":"2026-04-03T14:39:05","slug":"eliane-reyes-recoit-insignes-de-chevalier-de-lordre-arts-lettres-france","status":"publish","type":"post","link":"https:\/\/www.fondationchopin.org\/nl\/index.php\/eliane-reyes-recoit-insignes-de-chevalier-de-lordre-arts-lettres-france\/","title":{"rendered":"Eliane Reyes ontvangt de versierselen van Ridder in de Orde van Kunsten en Letteren in Frankrijk"},"content":{"rendered":"<p>Persbericht \u2013 september 2016<\/p>\n<p>Deze maand oktober zal de pianiste Eliane Reyes aan het Conservatoire National Sup\u00e9rieur de Musique de Paris de versierselen van Ridder in de Orde van Kunsten en Letteren ontvangen.<\/p>\n<p>Zij is de eerste Belgische pianiste die op deze manier wordt ge\u00eberd met deze prestigieuze \u2013 Franse \u2013 onderscheiding, toegekend aan personen \u201cdie zich hebben onderscheiden door hun creatie op artistiek of literair gebied of door hun bijdrage aan de uitstraling van de kunsten en letteren in Frankrijk en in de wereld\u201d.<!--more--><\/p>\n<p>Geboren in Verviers op 7 juni 1977, toont Eliane Reyes al op driejarige leeftijd interesse voor het instrument, begeleid door haar moeder, pianolerares. Twee jaar later geeft zij haar eerste concert en op 9-jarige leeftijd onderscheidt zij zich in het programma van Jacques Martin, \u201cL\u2019Ecole des fans\u201d, op France 2. Een jaar later speelt zij met de grootste Europese orkesten, waaronder het Concertgebouw van Amsterdam (in het Concerto in D groot van Haydn), gedirigeerd door Sergiu Commissionna, evenals onder leiding van Tibor Varga, Rudolph Barsha\u00ef, Grant Llewelyn, Frank Braley, Lionel Bringuier, Martin Lebel of Andr\u00e9 Vandernoot.<\/p>\n<p>Op veertienjarige leeftijd behaalt zij haar Eerste prijs piano aan het Koninklijk Conservatorium voor Muziek van Brussel, in de klas van Jean-Claude Vanden Eynden, en vervolgens ontmoet zij tal van uitzonderlijke musici, waaronder Gy\u00f6rgy Cziffra, Martha Argerich, Vladimir Ashkenazy, Murray Perahia, Menahem Pressler, Gy\u00f6rgy Sebok, Mstislav Rostropovitch, Augustin Dumay, Ivry Gitlis, Jos\u00e9 Van Dam. Zij vervolmaakt zich in Berlijn, Salzburg en Parijs, waar zij wordt toegelaten tot de derde cyclus van het Conservatoire National Sup\u00e9rieur de Musique, in de klassen van Brigitte Engerer, Michel Beroff en Jacques Rouvier. Bij die gelegenheid ontvangt zij de prijs van de Bl\u00fcthner Stichting en wordt zij finalist van de internationale wedstrijd van Montr\u00e9al (CMIM).<\/p>\n<p>Eerste prijs op de internationale pianowedstrijd van Ettlingen (Duitsland). Deze gepassioneerde muzikante, wier gevoeligheid zich vooral uit in de romantische en impressionistische ziel, verkent ook graag zeldzame repertoires uit heden en verleden en werkt samen met componisten. Zij heeft bijgedragen aan de herontdekking van uitstekende maar weinig bekende componisten, zoals Alexandre Tansman of Benjamin Godard, via wereldpremi\u00e8res op plaat, geprezen door pers en publiek.<\/p>\n<p>In 2010 ontving zij van de Minister van Cultuur van de Franse Gemeenschap van Belgi\u00eb de Octave de la Musique in de categorie Klassieke muziek en in juni 2016 ontving zij de Prijs van de Fondation Chopin in Brussel.<\/p>\n<p>\u201cIk hou ervan mijn emoties te kunnen uitdrukken, mij te geven en te delen met het publiek. Mijn benadering van muziek is in de eerste plaats intu\u00eftief. Muziek helpt onze ziel te verheffen en innerlijke rust te brengen\u201d, vertrouwt de artieste toe, die zich ook tot doel heeft gesteld jonge musici aan te moedigen, met name via haar onderwijs.<\/p>\n<p>Haar grootste wens? Haar emoties en haar drang naar ontdekking blijven delen met een zo breed mogelijk publiek, terwijl zij zich openstelt voor de culturen die zij ontmoet in de wereld die zij tijdens haar concerten doorkruist.<\/p>\n<p>De Belgische televisie RTBF zal haar volgend voorjaar een documentaire van 40 minuten wijden, in de reeks van Thierry Loreau &amp; Pierre Barr\u00e9 \u201cJeunes solistes, Grands destins\u201d.<\/p>\n","protected":false},"excerpt":{"rendered":"<p>Communiqu\u00e9 de presse \u2013 septembre 2016 Ce mois d&#8217;octobre, au Conservatoire National Sup\u00e9rieur de Musique de\u00a0Paris, la pianiste Eliane Reyes,\u00a0recevra les insignes de Chevalier de l\u2019ordre\u00a0des Arts et des Lettres. C\u2019est la premi\u00e8re pianiste belge \u00e0 \u00eatre ainsi honor\u00e9e par cette prestigieuse\u00a0distinction\u00a0\u00a0&#8211; fran\u00e7aise &#8211; attribu\u00e9e \u00e0 des personnes \u201cqui se sont distingu\u00e9es\u00a0par leur cr\u00e9ation dans &hellip; <a class=\"next\" href=\"https:\/\/www.fondationchopin.org\/nl\/index.php\/eliane-reyes-recoit-insignes-de-chevalier-de-lordre-arts-lettres-france\/\">Lire la suite<\/a><\/p>\n","protected":false},"author":8,"featured_media":0,"comment_status":"open","ping_status":"open","sticky":false,"template":"","format":"standard","meta":[],"categories":[31],"tags":[],"_links":{"self":[{"href":"https:\/\/www.fondationchopin.org\/nl\/index.php\/wp-json\/wp\/v2\/posts\/1078"}],"collection":[{"href":"https:\/\/www.fondationchopin.org\/nl\/index.php\/wp-json\/wp\/v2\/posts"}],"about":[{"href":"https:\/\/www.fondationchopin.org\/nl\/index.php\/wp-json\/wp\/v2\/types\/post"}],"author":[{"embeddable":true,"href":"https:\/\/www.fondationchopin.org\/nl\/index.php\/wp-json\/wp\/v2\/users\/8"}],"replies":[{"embeddable":true,"href":"https:\/\/www.fondationchopin.org\/nl\/index.php\/wp-json\/wp\/v2\/comments?post=1078"}],"version-history":[{"count":5,"href":"https:\/\/www.fondationchopin.org\/nl\/index.php\/wp-json\/wp\/v2\/posts\/1078\/revisions"}],"predecessor-version":[{"id":2833,"href":"https:\/\/www.fondationchopin.org\/nl\/index.php\/wp-json\/wp\/v2\/posts\/1078\/revisions\/2833"}],"wp:attachment":[{"href":"https:\/\/www.fondationchopin.org\/nl\/index.php\/wp-json\/wp\/v2\/media?parent=1078"}],"wp:term":[{"taxonomy":"category","embeddable":true,"href":"https:\/\/www.fondationchopin.org\/nl\/index.php\/wp-json\/wp\/v2\/categories?post=1078"},{"taxonomy":"post_tag","embeddable":true,"href":"https:\/\/www.fondationchopin.org\/nl\/index.php\/wp-json\/wp\/v2\/tags?post=1078"}],"curies":[{"name":"wp","href":"https:\/\/api.w.org\/{rel}","templated":true}]}}