{"id":108,"date":"2012-01-30T16:20:25","date_gmt":"2012-01-30T16:20:25","guid":{"rendered":"http:\/\/127.0.0.1\/Chopin\/?p=108"},"modified":"2013-12-12T21:06:51","modified_gmt":"2013-12-12T21:06:51","slug":"mesdames-chantal-lobert-et-micheline-briclet-sont-decorees-du-merite-culturel-polonais-gloria-artis","status":"publish","type":"post","link":"https:\/\/www.fondationchopin.org\/nl\/index.php\/mesdames-chantal-lobert-et-micheline-briclet-sont-decorees-du-merite-culturel-polonais-gloria-artis\/","title":{"rendered":"Mesdames Chantal LOBERT et Micheline BRICLET sont d\u00e9cor\u00e9es du &#8220;M\u00e9rite Culturel Polonais GlORIA ARTIS&#8221;"},"content":{"rendered":"<p>En 2006, gr\u00e2ce au soutien de SEM Iwo Byczewski, Mesdames <a title=\"Madame Chantal Lobert\" href=\"http:\/\/www.fondationchopin.org\/index.php\/people\/madame-chantal-lobert\/\">Chantal LOBERT<\/a>, Pr\u00e9sidente et <a title=\"Madame Micheline Briclet\" href=\"http:\/\/www.fondationchopin.org\/index.php\/people\/madame-micheline-briclet\/\">Micheline BRICLET<\/a>, Tr\u00e9sori\u00e8re, ont \u00e9t\u00e9 d\u00e9cor\u00e9es de la m\u00e9daille de bronze du &#8220;M\u00e9rite Culturel Polonais GlORIA ARTIS&#8221;, d\u00e9cern\u00e9e par le Ministre de la Culture et du Patrimoine National de la R\u00e9publique de Pologne.<\/p>\n<p>SEM Iwo Byczewski, ambassadeur de Pologne aupr\u00e8s du Royaume de Belgique, a remis les d\u00e9corations au cours d&#8217;une r\u00e9ception \u00e0 l&#8217;ambassade de Pologne qui a r\u00e9uni les invit\u00e9s, administrateurs et amis de la <a title=\"Fondation Chopin\" href=\"http:\/\/www.fondationchopin.org\/index.php\/fondation-chopin\/\">Fondation Chopin<\/a>.<\/p>\n<p>L&#8217;ambassadeur a \u00e9voqu\u00e9 les activit\u00e9s de la Pr\u00e9sidente et de la Tr\u00e9sori\u00e8re, membres fondateurs de la fondation Chopin Wallonie-Bruxelles, et reconnu les m\u00e9rites pour promouvoir la culture musicale polonaise et soutenir des jeunes talents polonais et belges.<\/p>\n<p>Un encouragement \u00e0 poursuivre un m\u00e9c\u00e9nat culturel qui d\u00e9buta en 1999. Les b\u00e9n\u00e9ficiaires de cette distinction honorifique ont tenu, dans leurs remerciements a associer les administrateurs, amis et m\u00e9c\u00e8nes de la fondation \u00e0 cet hommage du m\u00e9rite culturel polonais.<\/p>\n\n\t\t<style type=\"text\/css\">\n\t\t\t#gallery-1 {\n\t\t\t\tmargin: auto;\n\t\t\t}\n\t\t\t#gallery-1 .gallery-item {\n\t\t\t\tfloat: left;\n\t\t\t\tmargin-top: 10px;\n\t\t\t\ttext-align: center;\n\t\t\t\twidth: 33%;\n\t\t\t}\n\t\t\t#gallery-1 img {\n\t\t\t\tborder: 2px solid #cfcfcf;\n\t\t\t}\n\t\t\t#gallery-1 .gallery-caption {\n\t\t\t\tmargin-left: 0;\n\t\t\t}\n\t\t\t\/* see gallery_shortcode() in wp-includes\/media.php *\/\n\t\t<\/style>\n\t\t<div id='gallery-1' class='gallery galleryid-108 gallery-columns-3 gallery-size-thumbnail'><dl class='gallery-item'>\n\t\t\t<dt class='gallery-icon landscape'>\n\t\t\t\t<img width=\"140\" height=\"140\" src=\"https:\/\/www.fondationchopin.org\/wp-content\/uploads\/2013\/12\/3B8A6625-1109-76C3-DE8E6F12861D7054DSC00463-140x140.jpg\" class=\"attachment-thumbnail size-thumbnail\" alt=\"\" loading=\"lazy\" \/>\n\t\t\t<\/dt><\/dl><dl class='gallery-item'>\n\t\t\t<dt class='gallery-icon landscape'>\n\t\t\t\t<img width=\"140\" height=\"140\" src=\"https:\/\/www.fondationchopin.org\/wp-content\/uploads\/2013\/12\/3B8AEEFC-1109-76C3-DE596BC75A52F7F2DSC00466-140x140.jpg\" class=\"attachment-thumbnail size-thumbnail\" alt=\"\" loading=\"lazy\" \/>\n\t\t\t<\/dt><\/dl><dl class='gallery-item'>\n\t\t\t<dt class='gallery-icon landscape'>\n\t\t\t\t<img width=\"140\" height=\"140\" src=\"https:\/\/www.fondationchopin.org\/wp-content\/uploads\/2013\/12\/3B8B28E8-1109-76C3-DE8E3C25B164427BDSC00468-140x140.jpg\" class=\"attachment-thumbnail size-thumbnail\" alt=\"\" loading=\"lazy\" \/>\n\t\t\t<\/dt><\/dl><br style=\"clear: both\" \/>\n\t\t<\/div>\n\n","protected":false},"excerpt":{"rendered":"<p>En 2006, gr\u00e2ce au soutien de SEM Iwo Byczewski, Mesdames Chantal LOBERT, Pr\u00e9sidente et Micheline BRICLET, Tr\u00e9sori\u00e8re, ont \u00e9t\u00e9 d\u00e9cor\u00e9es de la m\u00e9daille de bronze du &#8220;M\u00e9rite Culturel Polonais GlORIA ARTIS&#8221;, d\u00e9cern\u00e9e par le Ministre de la Culture et du Patrimoine National de la R\u00e9publique de Pologne. SEM Iwo Byczewski, ambassadeur de Pologne aupr\u00e8s du &hellip; <a class=\"next\" href=\"https:\/\/www.fondationchopin.org\/nl\/index.php\/mesdames-chantal-lobert-et-micheline-briclet-sont-decorees-du-merite-culturel-polonais-gloria-artis\/\">Lire la suite<\/a><\/p>\n","protected":false},"author":8,"featured_media":0,"comment_status":"open","ping_status":"open","sticky":false,"template":"","format":"standard","meta":[],"categories":[4],"tags":[],"_links":{"self":[{"href":"https:\/\/www.fondationchopin.org\/nl\/index.php\/wp-json\/wp\/v2\/posts\/108"}],"collection":[{"href":"https:\/\/www.fondationchopin.org\/nl\/index.php\/wp-json\/wp\/v2\/posts"}],"about":[{"href":"https:\/\/www.fondationchopin.org\/nl\/index.php\/wp-json\/wp\/v2\/types\/post"}],"author":[{"embeddable":true,"href":"https:\/\/www.fondationchopin.org\/nl\/index.php\/wp-json\/wp\/v2\/users\/8"}],"replies":[{"embeddable":true,"href":"https:\/\/www.fondationchopin.org\/nl\/index.php\/wp-json\/wp\/v2\/comments?post=108"}],"version-history":[{"count":4,"href":"https:\/\/www.fondationchopin.org\/nl\/index.php\/wp-json\/wp\/v2\/posts\/108\/revisions"}],"predecessor-version":[{"id":921,"href":"https:\/\/www.fondationchopin.org\/nl\/index.php\/wp-json\/wp\/v2\/posts\/108\/revisions\/921"}],"wp:attachment":[{"href":"https:\/\/www.fondationchopin.org\/nl\/index.php\/wp-json\/wp\/v2\/media?parent=108"}],"wp:term":[{"taxonomy":"category","embeddable":true,"href":"https:\/\/www.fondationchopin.org\/nl\/index.php\/wp-json\/wp\/v2\/categories?post=108"},{"taxonomy":"post_tag","embeddable":true,"href":"https:\/\/www.fondationchopin.org\/nl\/index.php\/wp-json\/wp\/v2\/tags?post=108"}],"curies":[{"name":"wp","href":"https:\/\/api.w.org\/{rel}","templated":true}]}}