{"id":2074,"date":"2022-09-21T19:08:17","date_gmt":"2022-09-21T19:08:17","guid":{"rendered":"https:\/\/www.fondationchopin.org\/?p=2074"},"modified":"2022-10-04T16:23:09","modified_gmt":"2022-10-04T16:23:09","slug":"concert-du-5-juin-2022-akari-bastiaens","status":"publish","type":"post","link":"https:\/\/www.fondationchopin.org\/nl\/index.php\/concert-du-5-juin-2022-akari-bastiaens\/","title":{"rendered":"Concert du 5 juin 2022 Akari Bastiaens"},"content":{"rendered":"<p><strong><em>\u00a0<\/em><\/strong><\/p>\n<p><strong><em>Sous le Haut Patronage et en pr\u00e9sence de SEM Rafal Siemianowski<br \/>\nAmbassadeur de la R\u00e9publique de Pologne aupr\u00e8s du Royaume de Belgique<\/em><\/strong><\/p>\n<p>5 JUIN 2022<\/p>\n<p><strong><u>PROGRAMME <\/u><\/strong><\/p>\n<p><strong>AKARI BASTIAENS<\/strong><\/p>\n<p>Chopin\u00a0\u00a0\u00a0\u00a0\u00a0\u00a0\u00a0\u00a0\u00a0\u00a0\u00a0\u00a0\u00a0\u00a0\u00a0\u00a0\u00a0\u00a0\u00a0\u00a0 Mazurka opus 6 n\u00b01<\/p>\n<p>Beethoven\u00a0\u00a0\u00a0\u00a0\u00a0\u00a0\u00a0\u00a0\u00a0\u00a0\u00a0\u00a0\u00a0\u00a0 \u00a0Sonate opus 14 n\u00b02 Allegro-Andante-Scherzo-Allegro assai<\/p>\n<p><strong>\u00a0<\/strong><\/p>\n<p><strong>MAITRE JEAN -CLAUDE VANDEN EYNDEN<\/strong><\/p>\n<p>Schubert\u00a0\u00a0\u00a0\u00a0\u00a0\u00a0\u00a0\u00a0\u00a0\u00a0\u00a0\u00a0\u00a0\u00a0\u00a0\u00a0\u00a0\u00a0\u00a0 Impromptu D.899<\/p>\n<p>Chopin\u00a0\u00a0\u00a0\u00a0\u00a0\u00a0\u00a0\u00a0\u00a0\u00a0\u00a0\u00a0\u00a0\u00a0\u00a0\u00a0\u00a0\u00a0\u00a0\u00a0\u00a0\u00a0 3 valses -opus 34 n\u00b02, opus 64 n\u00b02, opus 42<\/p>\n<p>Debussy\u00a0\u00a0\u00a0\u00a0\u00a0\u00a0\u00a0\u00a0\u00a0\u00a0\u00a0\u00a0\u00a0\u00a0\u00a0\u00a0\u00a0\u00a0\u00a0\u00a0 L\u2019isle joyeuse<\/p>\n<p><!--more--><\/p>\n<p>Nous remercions nos g\u00e9n\u00e9reux donateurs\u00a0: Monsieur Philippe Delaunois, Monsieur Hubert Halbrecq, Monsieur Jean-Charles Wibo, Talentsquare SA , \u00a0The Vlassenroot Group NV, Callens Pirenne Theunissen &#038; Co.<\/p>\n<p>Notre Fondation ne peut exister que par votre participation. En devenant \u00a0\u00a0membre, vous permettrez \u00e0 l\u2019association de d\u00e9couvrir de jeunes talents.\u00a0\u00a0\u00a0\u00a0\u00a0\u00a0\u00a0\u00a0\u00a0\u00a0\u00a0 \u00a0Par votre participation, vous contribuerez \u00e0 b\u00e2tir leur carri\u00e8re musicale.\u00a0\u00a0\u00a0\u00a0\u00a0\u00a0\u00a0\u00a0\u00a0\u00a0 \u00a0Vous serez inform\u00e9 prioritairement et vous jouirez de privil\u00e8ges lors de l\u2019organisation de nos concerts. Vous pouvez \u00eatre membre sympathisant en versant 50 \u20ac ou membre d\u2019Honneur en versant 100 \u20ac sur le compte de la Fondation Stichting Stiftung Chopin\u00a0: \u00a0BNP PARIBAS FORTIS BE 74 2100 0669 8207.<\/p>\n<p>En vous remerciant de soutenir nos Jeunes Talents.<\/p>\n<p>Le Conseil d\u2019administration de la Fondation Stichting Stiftung Chopin.<\/p>\n<p><strong><em>\u00a0<\/em><\/strong><\/p>\n<p><strong><em>Sous le Haut Patronage et en pr\u00e9sence de SEM Rafal Siemianowski<br \/>\nAmbassadeur de la R\u00e9publique de Pologne aupr\u00e8s du Royaume de Belgique<\/em><\/strong><\/p>\n<p>Bruxelles, le 20 mai 2022<\/p>\n<p>Chers Amis de la Fondation Chopin,<\/p>\n<p>Mesdames, Messieurs,<\/p>\n<p>La Fondation Stichting Stiftung Chopin organise le dimanche 5 juin \u00e0 16 heures, un concert priv\u00e9 suivi d\u2019un cocktail dinatoire dans la propri\u00e9t\u00e9 de notre tr\u00e9sorier Philippe Delaunois \u00e0 Lasne, avec comme interpr\u00e8te Ma\u00eetre Jean-Claude Vanden Eynden et Akari Bastiaens qui, a neuf ans, sera \u00e9lue \u00ab\u00a0Laur\u00e9ate de la Fondation Stichting Stiftung Chopin 2022\u00a0\u00bb gr\u00e2ce au parrainage de Monsieur Hubert Halbrecht de la soci\u00e9t\u00e9 Talentsquare.<\/p>\n<p>Au programme\u00a0:<\/p>\n<p><strong>AKARI BASTIAENS<\/strong><\/p>\n<p>Chopin\u00a0\u00a0\u00a0\u00a0\u00a0\u00a0\u00a0\u00a0\u00a0\u00a0\u00a0\u00a0\u00a0\u00a0\u00a0\u00a0\u00a0\u00a0\u00a0\u00a0 Mazurka opus 6 n\u00b01<\/p>\n<p>Beethoven\u00a0\u00a0\u00a0\u00a0\u00a0\u00a0\u00a0\u00a0\u00a0\u00a0\u00a0\u00a0\u00a0\u00a0 \u00a0Sonate opus 14 n\u00b02 Allegro-Andante-Scherzo-Allegro assai<\/p>\n<p><strong>MAITRE JEAN -CLAUDE VANDEN EYNDEN<\/strong><\/p>\n<p>Schubert\u00a0\u00a0\u00a0\u00a0\u00a0\u00a0\u00a0\u00a0\u00a0\u00a0\u00a0\u00a0\u00a0\u00a0\u00a0\u00a0\u00a0\u00a0\u00a0 Impromptu D.899<\/p>\n<p>Chopin\u00a0\u00a0\u00a0\u00a0\u00a0\u00a0\u00a0\u00a0\u00a0\u00a0\u00a0\u00a0\u00a0\u00a0\u00a0\u00a0\u00a0\u00a0\u00a0\u00a0\u00a0\u00a0 3 valses -opus 34 n\u00b02, opus 64 n\u00b02, opus 42<\/p>\n<p>Debussy\u00a0\u00a0\u00a0\u00a0\u00a0\u00a0\u00a0\u00a0\u00a0\u00a0\u00a0\u00a0\u00a0\u00a0\u00a0\u00a0\u00a0\u00a0\u00a0\u00a0 L\u2019isle joyeuse<\/p>\n<p>La mission de notre Fondation Stichting Chopin, qui f\u00eate ses 23 ans en 2022, est de soutenir financi\u00e8rement de jeunes talents polonais et belges dans le cadre des \u00e9changes culturels entre la Pologne et la Belgique.<\/p>\n","protected":false},"excerpt":{"rendered":"<p>\u00a0 Sous le Haut Patronage et en pr\u00e9sence de SEM Rafal Siemianowski Ambassadeur de la R\u00e9publique de Pologne aupr\u00e8s du Royaume de Belgique 5 JUIN 2022 PROGRAMME AKARI BASTIAENS Chopin\u00a0\u00a0\u00a0\u00a0\u00a0\u00a0\u00a0\u00a0\u00a0\u00a0\u00a0\u00a0\u00a0\u00a0\u00a0\u00a0\u00a0\u00a0\u00a0\u00a0 Mazurka opus 6 n\u00b01 Beethoven\u00a0\u00a0\u00a0\u00a0\u00a0\u00a0\u00a0\u00a0\u00a0\u00a0\u00a0\u00a0\u00a0\u00a0 \u00a0Sonate opus 14 n\u00b02 Allegro-Andante-Scherzo-Allegro assai \u00a0 MAITRE JEAN -CLAUDE VANDEN EYNDEN Schubert\u00a0\u00a0\u00a0\u00a0\u00a0\u00a0\u00a0\u00a0\u00a0\u00a0\u00a0\u00a0\u00a0\u00a0\u00a0\u00a0\u00a0\u00a0\u00a0 Impromptu D.899 Chopin\u00a0\u00a0\u00a0\u00a0\u00a0\u00a0\u00a0\u00a0\u00a0\u00a0\u00a0\u00a0\u00a0\u00a0\u00a0\u00a0\u00a0\u00a0\u00a0\u00a0\u00a0\u00a0 3 valses -opus 34 &hellip; <a class=\"next\" href=\"https:\/\/www.fondationchopin.org\/nl\/index.php\/concert-du-5-juin-2022-akari-bastiaens\/\">Lire la suite<\/a><\/p>\n","protected":false},"author":9,"featured_media":0,"comment_status":"open","ping_status":"open","sticky":false,"template":"","format":"standard","meta":[],"categories":[5],"tags":[],"_links":{"self":[{"href":"https:\/\/www.fondationchopin.org\/nl\/index.php\/wp-json\/wp\/v2\/posts\/2074"}],"collection":[{"href":"https:\/\/www.fondationchopin.org\/nl\/index.php\/wp-json\/wp\/v2\/posts"}],"about":[{"href":"https:\/\/www.fondationchopin.org\/nl\/index.php\/wp-json\/wp\/v2\/types\/post"}],"author":[{"embeddable":true,"href":"https:\/\/www.fondationchopin.org\/nl\/index.php\/wp-json\/wp\/v2\/users\/9"}],"replies":[{"embeddable":true,"href":"https:\/\/www.fondationchopin.org\/nl\/index.php\/wp-json\/wp\/v2\/comments?post=2074"}],"version-history":[{"count":8,"href":"https:\/\/www.fondationchopin.org\/nl\/index.php\/wp-json\/wp\/v2\/posts\/2074\/revisions"}],"predecessor-version":[{"id":2124,"href":"https:\/\/www.fondationchopin.org\/nl\/index.php\/wp-json\/wp\/v2\/posts\/2074\/revisions\/2124"}],"wp:attachment":[{"href":"https:\/\/www.fondationchopin.org\/nl\/index.php\/wp-json\/wp\/v2\/media?parent=2074"}],"wp:term":[{"taxonomy":"category","embeddable":true,"href":"https:\/\/www.fondationchopin.org\/nl\/index.php\/wp-json\/wp\/v2\/categories?post=2074"},{"taxonomy":"post_tag","embeddable":true,"href":"https:\/\/www.fondationchopin.org\/nl\/index.php\/wp-json\/wp\/v2\/tags?post=2074"}],"curies":[{"name":"wp","href":"https:\/\/api.w.org\/{rel}","templated":true}]}}