{"id":217,"date":"2012-01-31T12:13:26","date_gmt":"2012-01-31T12:13:26","guid":{"rendered":"http:\/\/127.0.0.1\/Chopin\/?p=217"},"modified":"2012-01-31T12:13:26","modified_gmt":"2012-01-31T12:13:26","slug":"01-decembre-2005-recital-chopin-de-piano-palais-provincial-de-liege","status":"publish","type":"post","link":"https:\/\/www.fondationchopin.org\/nl\/index.php\/01-decembre-2005-recital-chopin-de-piano-palais-provincial-de-liege\/","title":{"rendered":"01 d\u00e9cembre 2005 &#8211; R\u00e9cital Chopin de piano &#8211; Palais Provincial de Li\u00e8ge"},"content":{"rendered":"<p>R\u00e9cital de piano (<span style=\"color: #333333; font-style: normal; line-height: 20px;\">Chopin)<\/span><\/p>\n","protected":false},"excerpt":{"rendered":"<p>R\u00e9cital de piano (Chopin)<\/p>\n","protected":false},"author":8,"featured_media":0,"comment_status":"open","ping_status":"open","sticky":false,"template":"","format":"standard","meta":[],"categories":[5],"tags":[],"_links":{"self":[{"href":"https:\/\/www.fondationchopin.org\/nl\/index.php\/wp-json\/wp\/v2\/posts\/217"}],"collection":[{"href":"https:\/\/www.fondationchopin.org\/nl\/index.php\/wp-json\/wp\/v2\/posts"}],"about":[{"href":"https:\/\/www.fondationchopin.org\/nl\/index.php\/wp-json\/wp\/v2\/types\/post"}],"author":[{"embeddable":true,"href":"https:\/\/www.fondationchopin.org\/nl\/index.php\/wp-json\/wp\/v2\/users\/8"}],"replies":[{"embeddable":true,"href":"https:\/\/www.fondationchopin.org\/nl\/index.php\/wp-json\/wp\/v2\/comments?post=217"}],"version-history":[{"count":1,"href":"https:\/\/www.fondationchopin.org\/nl\/index.php\/wp-json\/wp\/v2\/posts\/217\/revisions"}],"predecessor-version":[{"id":357,"href":"https:\/\/www.fondationchopin.org\/nl\/index.php\/wp-json\/wp\/v2\/posts\/217\/revisions\/357"}],"wp:attachment":[{"href":"https:\/\/www.fondationchopin.org\/nl\/index.php\/wp-json\/wp\/v2\/media?parent=217"}],"wp:term":[{"taxonomy":"category","embeddable":true,"href":"https:\/\/www.fondationchopin.org\/nl\/index.php\/wp-json\/wp\/v2\/categories?post=217"},{"taxonomy":"post_tag","embeddable":true,"href":"https:\/\/www.fondationchopin.org\/nl\/index.php\/wp-json\/wp\/v2\/tags?post=217"}],"curies":[{"name":"wp","href":"https:\/\/api.w.org\/{rel}","templated":true}]}}