{"id":2068,"date":"2022-09-21T19:02:00","date_gmt":"2022-09-21T19:02:00","guid":{"rendered":"https:\/\/www.fondationchopin.org\/?p=2068"},"modified":"2024-03-22T16:29:27","modified_gmt":"2024-03-22T16:29:27","slug":"sous-le-haute-patronage-et-en-presence-de-sem-siemianowski-ambassadeur-de-la-republique-de-pologne","status":"publish","type":"post","link":"https:\/\/www.fondationchopin.org\/pl\/index.php\/sous-le-haute-patronage-et-en-presence-de-sem-siemianowski-ambassadeur-de-la-republique-de-pologne\/","title":{"rendered":"Concert du 29 SEPTEMBRE 2022"},"content":{"rendered":"<p><strong>SOUS LE HAUTE PATRONAGE ET EN PRESENCE DE SEM SIEMIANOWSKI AMBASSADEUR DE LA REPUBLIQUE DE POLOGNE<\/strong><\/p>\n<p><strong>PROGRAMME du concert de la Fondation Stichting Stiftung Chopin \u00a0\u00a0\u00a0\u00a0\u00a0\u00a0\u00a0\u00a0\u00a0\u00a0\u00a0\u00a0\u00a0\u00a0\u00a0\u00a0\u00a0\u00a0\u00a0\u00a0\u00a0\u00a0\u00a0\u00a0\u00a0\u00a0du 29 septembre 2022 organis\u00e9 dans les Salons de l\u2019Ambassade de la R\u00e9publique de Pologne<\/strong><\/p>\n<p><strong>\u00a0<\/strong><\/p>\n<p><strong><em><u>VALERE BURNON AU PIANO<\/u><\/em><\/strong><\/p>\n<p><strong>\u00a0F.CHOPIN (1810-1849)\u00a0 \u00a0\u00a0\u00a0\u00a0\u00a0\u00a0\u00a0\u00a0\u00a0\u00a0\u00a0\u00a0\u00a0\u00a0\u00a0\u00a0\u00a02<sup>\u00e8me<\/sup> Sonate<\/strong><\/p>\n<p><strong>\u00a0\u00a0\u00a0\u00a0\u00a0\u00a0\u00a0\u00a0\u00a0\u00a0\u00a0\u00a0\u00a0\u00a0\u00a0\u00a0\u00a0\u00a0\u00a0\u00a0\u00a0\u00a0 &#8212;&#8212;&#8212;&#8212;&#8212;&#8212;&#8212;&#8212;&#8212;<\/strong><\/p>\n<p><strong><em><u>Mateusz Walendzik, baryton<\/u><\/em><\/strong><\/p>\n<p><strong><em><u>Ma\u00eetre Jean-Claude Vanden Eynden au piano<\/u><\/em><\/strong><br \/>\n<!--more--><\/p>\n<p><strong><em>\u00a0<\/em><\/strong><\/p>\n<ol>\n<li><strong> Thomas<\/strong> &#8220;\u00d4 vin, dissipe la tristesse&#8221; (extrait d\u2019Hamlet)<\/li>\n<li><strong> Schubert Impromptu D899 n<\/strong><strong>\u00b0<\/strong><strong>3 pour piano<\/strong><\/li>\n<\/ol>\n<p><strong><u>\u00ab\u00a0<\/u><\/strong><strong><u>Les tr\u00e9sors de la m\u00e9lodie polonaise<\/u><\/strong><strong><u>\u00a0\u00bb<\/u><\/strong><\/p>\n<ol>\n<li><strong> CHOPIN (1810-1849)<\/strong><\/li>\n<\/ol>\n<p>\u00ab\u00a0Leci li\u015bcie z drzewa\u00a0\u00bb (Tombent les feuilles), op. 74 n\u00ba17, sur un po\u00e8me de Wincenty Pol\u00a0\u00a0 5\u201905\u2019\u2019<\/p>\n<p>\u00ab\u00a0Precz z moich oczu\u00a0\u00bb (Hors de ma vue), op. 74 n\u00ba6, sur un po\u00e8me d\u2019Adam Mickiewicz\u00a0 3\u201928\u2019\u2019<\/p>\n<ol>\n<li><strong> KAR<\/strong><strong>\u0141OWICZ (1876-1909) <\/strong><\/li>\n<\/ol>\n<p>\u00ab\u00a0Z now\u0105 wiosn\u0105\u00a0\u00bb (avec le nouveau printemps), sur un po\u00e8me de Czeslaw Jankowski 2\u201949\u2019\u2019<\/p>\n<p>\u00ab\u00a0Pami\u0119tam ciche, jasne, z\u0142ote dnie \u00bb (je me souviens des jours calmes, clairs, dor\u00e9s), op.1 n\u00ba5, sur un po\u00e8me de Kazimierz P. Tetmajer 1\u201950\u2019\u2019<\/p>\n<p>\u00ab\u00a0 M\u00f3w do mnie jeszcze\u00a0\u00bb (parle-moi encore), op.3 n\u00ba1, sur un po\u00e8me de Kazimierz P. Tetmajer<\/p>\n<ol>\n<li><strong> MONIUSZKO (1819-1872)<\/strong><\/li>\n<\/ol>\n<p>\u00ab\u00a0Krakowiaczek\u00a0\u00bb (le petit cracovien), sur un po\u00e8me d\u2019Adam Mickiewicz<\/p>\n<p>\u00ab\u00a0Znaszli-ten kraj\u00a0\u00bb (Connais-tu le pays), sur un po\u00e8me d\u2019Adam Mickiewicz d\u2019apr\u00e8s G\u0153the 5\u201901\u2019\u2019<\/p>\n<p>\u00ab\u00a0Prz\u0105\u015bniczka \u00ab\u00a0(la Fileuse),sur un po\u00e8me de Jan Czerczot 3\u201901\u2019\u2019<\/p>\n<p><strong>SOUS LE HAUT PATRONAGE ET EN PRESENCE DE SEM RAFAL SIEMIANOWSKI AMBASSADEUR DE LA REPUBLIQUE DE POLOGNE AUPRES DU ROYAUME DE <\/strong><strong>Belgique<\/strong><\/p>\n<p><strong>\u00a0<\/strong><\/p>\n<p><strong>\u00a0\u00a0\u00a0\u00a0\u00a0\u00a0\u00a0\u00a0\u00a0\u00a0\u00a0\u00a0\u00a0\u00a0\u00a0\u00a0\u00a0\u00a0\u00a0\u00a0\u00a0\u00a0\u00a0\u00a0\u00a0\u00a0\u00a0\u00a0\u00a0\u00a0\u00a0\u00a0 \u00a0\u00a0\u00a0\u00a0\u00a0\u00a0\u00a0\u00a0\u00a0\u00a0\u00a0\u00a0\u00a0\u00a0\u00a0\u00a0\u00a0\u00a0\u00a0\u00a0\u00a0\u00a0\u00a0\u00a0\u00a0\u00a0\u00a0\u00a0\u00a0\u00a0\u00a0\u00a0\u00a0\u00a0\u00a0\u00a0\u00a0\u00a0\u00a0\u00a0\u00a0\u00a0\u00a0\u00a0\u00a0\u00a0\u00a0\u00a0\u00a0\u00a0\u00a0\u00a0\u00a0\u00a0 <\/strong>Le 18 septembre 2022<\/p>\n<p>Mesdames, Messieurs,<\/p>\n<p>Chers Amis de la Fondation Stichting Stiftung Chopin,<\/p>\n<p>Le Conseil d\u2019administration a l\u2019honneur de vous convier \u00e0 un concert organis\u00e9 dans les Salons de l\u2019Ambassade de la R\u00e9publique de Pologne, avenue des Gaulois, 29 \u00e0 1040 Bruxelles, le jeudi 29 septembre 2022 \u00e0 18 heures 30.\u00a0 \u00a0 \u00a0 \u00a0 \u00a0 \u00a0 Le concert sera suivi d\u2019un cocktail dinatoire offert par notre Ambassadeur SEM Siemianowski. En participant \u00e0 cette manifestation vous nous permettez d\u2019offrir des stages de piano, de chant et de violon \u00e0 nos jeunes talents.<\/p>\n<p>Lors de ce concert, notre administrateur, Pr\u00e9sident de Bepolux, Monsieur Jean-Charles Wibo remettra un prix \u00e0 deux jeunes talents \u00e9lus \u00ab\u00a0Laur\u00e9ats de la Fondation Stichting Stiftung Chopin 2022\u00a0\u00bb.<\/p>\n<p>Le programme\u00a0musical est compos\u00e9 sous la direction de notre Pr\u00e9sident d\u2019Honneur Ma\u00eetre J.C. Vanden Eynden\u00a0:<\/p>\n<p>Au piano\u00a0: <strong>Val\u00e8re Burnon\u00a0<\/strong><em>:\u00a0\u00a0\u00a0\u00a0\u00a0\u00a0\u00a0\u00a0 \u00a0\u00a0\u00a0\u00a0\u00a0\u00a0\u00a0\u00a0\u00a0\u00a0\u00a0\u00a0\u00a0\u00a0\u00a0\u00a0\u00a0\u00a0\u00a0\u00a0\u00a0\u00a0\u00a0F.<\/em>\u00a0 <em>Chopin\u00a0\u00a0\u00a0\u00a0\u00a0 \u00a02<sup>i\u00e8me<\/sup> Sonate\u00a0\u00a0\u00a0\u00a0\u00a0\u00a0\u00a0\u00a0\u00a0\u00a0\u00a0\u00a0\u00a0\u00a0\u00a0\u00a0\u00a0\u00a0\u00a0\u00a0\u00a0\u00a0\u00a0\u00a0\u00a0\u00a0\u00a0\u00a0\u00a0\u00a0\u00a0\u00a0\u00a0\u00a0\u00a0\u00a0\u00a0\u00a0\u00a0\u00a0\u00a0\u00a0\u00a0\u00a0\u00a0\u00a0\u00a0\u00a0\u00a0\u00a0\u00a0\u00a0\u00a0\u00a0\u00a0\u00a0\u00a0\u00a0\u00a0\u00a0\u00a0\u00a0\u00a0\u00a0\u00a0\u00a0\u00a0\u00a0\u00a0\u00a0\u00a0\u00a0\u00a0\u00a0\u00a0\u00a0\u00a0\u00a0\u00a0\u00a0\u00a0\u00a0\u00a0 <\/em><\/p>\n<p><em>\u00a0\u00a0\u00a0\u00a0\u00a0\u00a0\u00a0\u00a0\u00a0\u00a0\u00a0\u00a0\u00a0\u00a0\u00a0\u00a0\u00a0\u00a0\u00a0\u00a0\u00a0\u00a0\u00a0\u00a0\u00a0\u00a0\u00a0\u00a0\u00a0\u00a0\u00a0\u00a0\u00a0 &#8212;&#8212;&#8212;&#8212;&#8212;&#8212;&#8212;&#8212;&#8212;&#8212;&#8212;&#8212;&#8212;-<\/em><\/p>\n<p>Le T\u00e9nor\u00a0:\u00a0 <strong>Mateusz Walendzki<\/strong>\u00a0 \u00a0\u00a0&amp;\u00a0\u00a0 au piano\u00a0:\u00a0 Mtre J.C. Vanden Eynden<\/p>\n<p>\u00ab\u00a0Les tr\u00e9sors de la m\u00e9lodie polonaise\u00a0\u00bb<\/p>\n<p><em>F.Chopin<\/em> (1810-1849)<\/p>\n<p>\u00ab\u00a0Tombent les feuilles\u00a0\u00bb op.74 n\u00b017 po\u00e8me de Wincenty Pol<\/p>\n<p>\u00ab\u00a0Hors de ma vue\u00a0\u00bb op.74 n\u00b06 po\u00e8me d\u2019Adam Mickiewicz<\/p>\n<ol>\n<li><em> Karlowicz<\/em> (1876-1909)<\/li>\n<\/ol>\n<p>\u00ab\u00a0Avec le nouveau printemps\u00a0\u00bb po\u00e8me de Czeslaw Jankowski<\/p>\n<p>\u00ab\u00a0Je me souviens des jours calmes, clairs, dor\u00e9s\u00a0\u00bb op.1 n\u00b05 po\u00e8me K.Tetmajer<\/p>\n<p>\u00ab\u00a0Parle- moi encore\u00a0\u00bb op 3 n\u00b01 po\u00e8me Kazimierz Tetmajer<\/p>\n<p>S.Moniuszko (1819-1872)<\/p>\n<p>\u00ab\u00a0Le petit cracovien\u00a0\u00bb po\u00e8me d\u2019Adam Mickiewicz<\/p>\n<p>\u00ab\u00a0Connais-tu le pays\u00a0\u00bb po\u00e8me d\u2019Adam Mickiewicz d\u2019apr\u00e8s Goethe<\/p>\n<p>\u00ab\u00a0La Fileuse \u00ab\u00a0po\u00e8me de Jan Czerczot<\/p>\n<p>En esp\u00e9rant avoir le plaisir de vous accueillir, nous vous prions de croire, Mesdames, Messieurs, chers Amis de la Fondation Stichting Stiftung Chopin, en l\u2019expression de nos sentiments les meilleurs.<\/p>\n<p>Chantal Lobert\u00a0\u00a0\u00a0\u00a0\u00a0\u00a0\u00a0\u00a0\u00a0\u00a0\u00a0\u00a0\u00a0\u00a0\u00a0\u00a0\u00a0\u00a0\u00a0\u00a0\u00a0\u00a0\u00a0 \u00a0\u00a0\u00a0\u00a0Jos\u00e9e Deriu\u00a0\u00a0\u00a0\u00a0\u00a0\u00a0\u00a0\u00a0\u00a0\u00a0\u00a0\u00a0\u00a0\u00a0\u00a0\u00a0\u00a0\u00a0 Philippe Delaunois<\/p>\n<p>Pr\u00e9sidente\u00a0\u00a0\u00a0\u00a0\u00a0\u00a0\u00a0\u00a0\u00a0\u00a0 \u00a0\u00a0\u00a0\u00a0\u00a0\u00a0\u00a0\u00a0\u00a0\u00a0\u00a0\u00a0\u00a0\u00a0\u00a0\u00a0\u00a0\u00a0\u00a0\u00a0 Vice-Pr\u00e9sidente\u00a0\u00a0\u00a0\u00a0\u00a0\u00a0\u00a0\u00a0\u00a0\u00a0\u00a0\u00a0\u00a0\u00a0\u00a0\u00a0\u00a0 Tr\u00e9sorier<\/p>\n<p style=\"text-align: center;\"><img loading=\"lazy\" class=\"size-medium aligncenter\" src=\"https:\/\/www.fondationchopin.org\/wp-content\/uploads\/2022\/09\/fondation-chopin-2022.09.29-2-300x181.jpg\" alt=\"\" width=\"300\" height=\"181\" \/><br \/>\n<img loading=\"lazy\" class=\"size-medium aligncenter\" src=\"https:\/\/www.fondationchopin.org\/wp-content\/uploads\/2023\/04\/WhatsApp-Image-2023-04-20-at-21.16.22-scaled.jpeg\" alt=\"\" width=\"300\" height=\"181\" \/><br \/>\n<img loading=\"lazy\" class=\"size-medium aligncenter\" src=\"https:\/\/www.fondationchopin.org\/wp-content\/uploads\/2023\/04\/WhatsApp-Image-2023-04-20-at-21.15.49-scaled.jpeg\" alt=\"\" width=\"300\" height=\"181\" \/><br \/>\n<img loading=\"lazy\" class=\"size-medium aligncenter\" src=\"https:\/\/www.fondationchopin.org\/wp-content\/uploads\/2023\/04\/WhatsApp-Image-2023-04-20-at-21.15.30-scaled.jpeg\" alt=\"\" width=\"300\" height=\"181\" \/><br \/>\n<img loading=\"lazy\" class=\"size-medium aligncenter\" src=\"https:\/\/www.fondationchopin.org\/wp-content\/uploads\/2023\/04\/WhatsApp-Image-2023-04-20-at-21.15.10-scaled.jpeg\" alt=\"\" width=\"300\" height=\"181\" \/><\/p>\n<div style=\"width: 640px;\" class=\"wp-video\"><!--[if lt IE 9]><script>document.createElement('video');<\/script><![endif]-->\n<video class=\"wp-video-shortcode\" id=\"video-2068-1\" width=\"640\" height=\"360\" preload=\"metadata\" controls=\"controls\"><source type=\"video\/mp4\" src=\"https:\/\/www.fondationchopin.org\/wp-content\/uploads\/2023\/04\/WhatsApp-Video-2023-04-20-at-21.16.50.mp4?_=1\" \/><a href=\"https:\/\/www.fondationchopin.org\/wp-content\/uploads\/2023\/04\/WhatsApp-Video-2023-04-20-at-21.16.50.mp4\">https:\/\/www.fondationchopin.org\/wp-content\/uploads\/2023\/04\/WhatsApp-Video-2023-04-20-at-21.16.50.mp4<\/a><\/video><\/div>\n","protected":false},"excerpt":{"rendered":"<p>SOUS LE HAUTE PATRONAGE ET EN PRESENCE DE SEM SIEMIANOWSKI AMBASSADEUR DE LA REPUBLIQUE DE POLOGNE PROGRAMME du concert de la Fondation Stichting Stiftung Chopin \u00a0\u00a0\u00a0\u00a0\u00a0\u00a0\u00a0\u00a0\u00a0\u00a0\u00a0\u00a0\u00a0\u00a0\u00a0\u00a0\u00a0\u00a0\u00a0\u00a0\u00a0\u00a0\u00a0\u00a0\u00a0\u00a0du 29 septembre 2022 organis\u00e9 dans les Salons de l\u2019Ambassade de la R\u00e9publique de Pologne \u00a0 VALERE BURNON AU PIANO \u00a0F.CHOPIN (1810-1849)\u00a0 \u00a0\u00a0\u00a0\u00a0\u00a0\u00a0\u00a0\u00a0\u00a0\u00a0\u00a0\u00a0\u00a0\u00a0\u00a0\u00a0\u00a02\u00e8me Sonate \u00a0\u00a0\u00a0\u00a0\u00a0\u00a0\u00a0\u00a0\u00a0\u00a0\u00a0\u00a0\u00a0\u00a0\u00a0\u00a0\u00a0\u00a0\u00a0\u00a0\u00a0\u00a0 &#8212;&#8212;&#8212;&#8212;&#8212;&#8212;&#8212;&#8212;&#8212; Mateusz Walendzik, baryton Ma\u00eetre &hellip; <a class=\"next\" href=\"https:\/\/www.fondationchopin.org\/pl\/index.php\/sous-le-haute-patronage-et-en-presence-de-sem-siemianowski-ambassadeur-de-la-republique-de-pologne\/\">Lire la suite<\/a><\/p>\n","protected":false},"author":9,"featured_media":0,"comment_status":"open","ping_status":"open","sticky":false,"template":"","format":"standard","meta":[],"categories":[5],"tags":[],"_links":{"self":[{"href":"https:\/\/www.fondationchopin.org\/pl\/index.php\/wp-json\/wp\/v2\/posts\/2068"}],"collection":[{"href":"https:\/\/www.fondationchopin.org\/pl\/index.php\/wp-json\/wp\/v2\/posts"}],"about":[{"href":"https:\/\/www.fondationchopin.org\/pl\/index.php\/wp-json\/wp\/v2\/types\/post"}],"author":[{"embeddable":true,"href":"https:\/\/www.fondationchopin.org\/pl\/index.php\/wp-json\/wp\/v2\/users\/9"}],"replies":[{"embeddable":true,"href":"https:\/\/www.fondationchopin.org\/pl\/index.php\/wp-json\/wp\/v2\/comments?post=2068"}],"version-history":[{"count":24,"href":"https:\/\/www.fondationchopin.org\/pl\/index.php\/wp-json\/wp\/v2\/posts\/2068\/revisions"}],"predecessor-version":[{"id":2111,"href":"https:\/\/www.fondationchopin.org\/pl\/index.php\/wp-json\/wp\/v2\/posts\/2068\/revisions\/2111"}],"wp:attachment":[{"href":"https:\/\/www.fondationchopin.org\/pl\/index.php\/wp-json\/wp\/v2\/media?parent=2068"}],"wp:term":[{"taxonomy":"category","embeddable":true,"href":"https:\/\/www.fondationchopin.org\/pl\/index.php\/wp-json\/wp\/v2\/categories?post=2068"},{"taxonomy":"post_tag","embeddable":true,"href":"https:\/\/www.fondationchopin.org\/pl\/index.php\/wp-json\/wp\/v2\/tags?post=2068"}],"curies":[{"name":"wp","href":"https:\/\/api.w.org\/{rel}","templated":true}]}}