{"id":223,"date":"2012-01-31T12:20:31","date_gmt":"2012-01-31T12:20:31","guid":{"rendered":"http:\/\/127.0.0.1\/Chopin\/?p=223"},"modified":"2013-03-17T10:13:51","modified_gmt":"2013-03-17T10:13:51","slug":"12-decembre-2007-concert-de-noel-eglise-st-loup-a-namur","status":"publish","type":"post","link":"https:\/\/www.fondationchopin.org\/pl\/index.php\/12-decembre-2007-concert-de-noel-eglise-st-loup-a-namur\/","title":{"rendered":"12 d\u00e9cembre 2007 &#8211; Concert de No\u00ebl &#8211; Eglise St Loup \u00e0 Namur"},"content":{"rendered":"<p>La <a title=\"Fondation Chopin\" href=\"http:\/\/www.fondationchopin.org\/index.php\/fondation-chopin\/\">Fondation Chopin<\/a> a organis\u00e9 un concert de No\u00ebl en l&#8217;Eglise St Loup \u00e0 Namur. Des chants de Pologne et d&#8217;ailleurs interpr\u00e9t\u00e9s par la Chorale de l&#8217;Universit\u00e9 Wyszinski, dirig\u00e9e par le directeur du conservatoire Fr\u00e9d\u00e9ric Chopin de Varsovie. Concert suivi d&#8217;une r\u00e9ception au Palais Provincial de Namur avec la collaborationdes \u00e9l\u00e8ves de l&#8217;\u00e9cole H\u00f4teli\u00e8re de Namur.<\/p>\n","protected":false},"excerpt":{"rendered":"<p>La Fondation Chopin a organis\u00e9 un concert de No\u00ebl en l&#8217;Eglise St Loup \u00e0 Namur. Des chants de Pologne et d&#8217;ailleurs interpr\u00e9t\u00e9s par la Chorale de l&#8217;Universit\u00e9 Wyszinski, dirig\u00e9e par le directeur du conservatoire Fr\u00e9d\u00e9ric Chopin de Varsovie. Concert suivi d&#8217;une r\u00e9ception au Palais Provincial de Namur avec la collaborationdes \u00e9l\u00e8ves de l&#8217;\u00e9cole H\u00f4teli\u00e8re de &hellip; <a class=\"next\" href=\"https:\/\/www.fondationchopin.org\/pl\/index.php\/12-decembre-2007-concert-de-noel-eglise-st-loup-a-namur\/\">Lire la suite<\/a><\/p>\n","protected":false},"author":8,"featured_media":0,"comment_status":"open","ping_status":"open","sticky":false,"template":"","format":"standard","meta":[],"categories":[5],"tags":[],"_links":{"self":[{"href":"https:\/\/www.fondationchopin.org\/pl\/index.php\/wp-json\/wp\/v2\/posts\/223"}],"collection":[{"href":"https:\/\/www.fondationchopin.org\/pl\/index.php\/wp-json\/wp\/v2\/posts"}],"about":[{"href":"https:\/\/www.fondationchopin.org\/pl\/index.php\/wp-json\/wp\/v2\/types\/post"}],"author":[{"embeddable":true,"href":"https:\/\/www.fondationchopin.org\/pl\/index.php\/wp-json\/wp\/v2\/users\/8"}],"replies":[{"embeddable":true,"href":"https:\/\/www.fondationchopin.org\/pl\/index.php\/wp-json\/wp\/v2\/comments?post=223"}],"version-history":[{"count":1,"href":"https:\/\/www.fondationchopin.org\/pl\/index.php\/wp-json\/wp\/v2\/posts\/223\/revisions"}],"predecessor-version":[{"id":696,"href":"https:\/\/www.fondationchopin.org\/pl\/index.php\/wp-json\/wp\/v2\/posts\/223\/revisions\/696"}],"wp:attachment":[{"href":"https:\/\/www.fondationchopin.org\/pl\/index.php\/wp-json\/wp\/v2\/media?parent=223"}],"wp:term":[{"taxonomy":"category","embeddable":true,"href":"https:\/\/www.fondationchopin.org\/pl\/index.php\/wp-json\/wp\/v2\/categories?post=223"},{"taxonomy":"post_tag","embeddable":true,"href":"https:\/\/www.fondationchopin.org\/pl\/index.php\/wp-json\/wp\/v2\/tags?post=223"}],"curies":[{"name":"wp","href":"https:\/\/api.w.org\/{rel}","templated":true}]}}