{"id":225,"date":"2012-01-31T12:23:41","date_gmt":"2012-01-31T12:23:41","guid":{"rendered":"http:\/\/127.0.0.1\/Chopin\/?p=225"},"modified":"2013-03-17T10:14:43","modified_gmt":"2013-03-17T10:14:43","slug":"11-mars-2008-recital-maitre-j-c-vanden-eynden-theatre-du-vaudeville-a-bruxelles","status":"publish","type":"post","link":"https:\/\/www.fondationchopin.org\/pl\/index.php\/11-mars-2008-recital-maitre-j-c-vanden-eynden-theatre-du-vaudeville-a-bruxelles\/","title":{"rendered":"9 mars 2008 &#8211; R\u00e9cital &#8211; Ma\u00eetre J.C. Vanden Eynden &#8211; Th\u00e9\u00e2tre du Vaudeville \u00e0 Bruxelles"},"content":{"rendered":"<p>Dans le cadre du Th\u00e9\u00e2tre du Vaudeville\u00a0(Galerie de la Reine) \u00e0 Bruxelles, la <a title=\"Fondation Chopin\" href=\"http:\/\/www.fondationchopin.org\/index.php\/fondation-chopin\/\">Fondation Chopin<\/a>, pour f\u00eater ses 10 ans, a re\u00e7u ses membres partenaires et amis, pour un r\u00e9cital de <a title=\"Ma\u00eetre Jean-Claude Vanden Eynden\" href=\"http:\/\/www.fondationchopin.org\/index.php\/people\/monsieur-jean-claude-vanden-eynden\/\">Ma\u00eetre Jean-Claude Vanden Eynden<\/a>, administrateur de la Fondation.\u00a0Notre Maestro a jou\u00e9 sur un piano de la firme Vanninis.<\/p>\n<p>La Pr\u00e9sidente fondatrice de la Fondation a relat\u00e9 le parcours de notre association culturelle. Un d\u00eener aux\u00a0chandelles a cl\u00f4tur\u00e9 cette soir\u00e9e qui a r\u00e9uni plus de 120 amis et partenaires de la Fondation Chopin.<\/p>\n","protected":false},"excerpt":{"rendered":"<p>Dans le cadre du Th\u00e9\u00e2tre du Vaudeville\u00a0(Galerie de la Reine) \u00e0 Bruxelles, la Fondation Chopin, pour f\u00eater ses 10 ans, a re\u00e7u ses membres partenaires et amis, pour un r\u00e9cital de Ma\u00eetre Jean-Claude Vanden Eynden, administrateur de la Fondation.\u00a0Notre Maestro a jou\u00e9 sur un piano de la firme Vanninis. La Pr\u00e9sidente fondatrice de la Fondation &hellip; <a class=\"next\" href=\"https:\/\/www.fondationchopin.org\/pl\/index.php\/11-mars-2008-recital-maitre-j-c-vanden-eynden-theatre-du-vaudeville-a-bruxelles\/\">Lire la suite<\/a><\/p>\n","protected":false},"author":8,"featured_media":0,"comment_status":"open","ping_status":"open","sticky":false,"template":"","format":"standard","meta":[],"categories":[5],"tags":[],"_links":{"self":[{"href":"https:\/\/www.fondationchopin.org\/pl\/index.php\/wp-json\/wp\/v2\/posts\/225"}],"collection":[{"href":"https:\/\/www.fondationchopin.org\/pl\/index.php\/wp-json\/wp\/v2\/posts"}],"about":[{"href":"https:\/\/www.fondationchopin.org\/pl\/index.php\/wp-json\/wp\/v2\/types\/post"}],"author":[{"embeddable":true,"href":"https:\/\/www.fondationchopin.org\/pl\/index.php\/wp-json\/wp\/v2\/users\/8"}],"replies":[{"embeddable":true,"href":"https:\/\/www.fondationchopin.org\/pl\/index.php\/wp-json\/wp\/v2\/comments?post=225"}],"version-history":[{"count":3,"href":"https:\/\/www.fondationchopin.org\/pl\/index.php\/wp-json\/wp\/v2\/posts\/225\/revisions"}],"predecessor-version":[{"id":697,"href":"https:\/\/www.fondationchopin.org\/pl\/index.php\/wp-json\/wp\/v2\/posts\/225\/revisions\/697"}],"wp:attachment":[{"href":"https:\/\/www.fondationchopin.org\/pl\/index.php\/wp-json\/wp\/v2\/media?parent=225"}],"wp:term":[{"taxonomy":"category","embeddable":true,"href":"https:\/\/www.fondationchopin.org\/pl\/index.php\/wp-json\/wp\/v2\/categories?post=225"},{"taxonomy":"post_tag","embeddable":true,"href":"https:\/\/www.fondationchopin.org\/pl\/index.php\/wp-json\/wp\/v2\/tags?post=225"}],"curies":[{"name":"wp","href":"https:\/\/api.w.org\/{rel}","templated":true}]}}