{"id":2444,"date":"2024-03-22T15:30:43","date_gmt":"2024-03-22T15:30:43","guid":{"rendered":"https:\/\/www.fondationchopin.org\/?p=2444"},"modified":"2024-04-17T09:01:21","modified_gmt":"2024-04-17T09:01:21","slug":"diner-de-gala-cercle-de-wallonie-7-decembre-2023","status":"publish","type":"post","link":"https:\/\/www.fondationchopin.org\/pl\/index.php\/diner-de-gala-cercle-de-wallonie-7-decembre-2023\/","title":{"rendered":"DINER DE GALA CERCLE DE WALLONIE : 7 DECEMBRE 2023"},"content":{"rendered":"<p><strong><em>La Fondation Stichting Chopin a eu l\u2019immense joie d\u2019\u00eatre invit\u00e9e par Monsieur Amid Faljaoui et Monsieur Jonas Benazzi lors du D\u00eener de Gala de No\u00ebl du Cercle de Wallonie, le 7 d\u00e9cembre 2023.<\/em><\/strong><\/p>\n<p><strong><em>La Pr\u00e9sidente Fondatrice Chantal Lobert et la Vice- Pr\u00e9sidente Jos\u00e9e Deriu, Charg\u00e9e de Relations du Cercle de Wallonie, ont pr\u00e9sent\u00e9 un jeune et talentueux pianiste \u00ab\u00a0Laur\u00e9at de la Fondation Stichting Chopin 2018\u00a0\u00bb\u00a0 Steven Kleeven qui a illumin\u00e9 les c\u0153urs des invit\u00e9s en interpr\u00e9tant Chopin et Mozart lors de cette magnifique soir\u00e9e.<\/em><\/strong><\/p>\n<p><strong><em>Le conseil d\u2019administration de la Fondation sous la direction \u00e9clair\u00e9e de Ma\u00eetre Jean-Claude Vanden Eynden, son pr\u00e9sident d\u2019honneur, \u0153uvre b\u00e9n\u00e9volement pour offrir \u00e0 de jeunes talents musicaux des stages de perfectionnement en piano, violon et chant.<\/em><\/strong><\/p>\n<p><strong><em>Cette soir\u00e9e s\u2019est d\u00e9roul\u00e9e dans le cadre prestigieux de la Salle des ventes ROPS \u00e0 Namur. Steven Kleeven, aujourd\u2019hui, \u00e9tudiant \u00e0 l\u2019Universit\u00e9 des Arts et de la Culture \u00e0 Berlin poursuit son r\u00eave, construire une carri\u00e8re musicale prestigieuse. Steven s\u2019est d\u00e9plac\u00e9 de Berlin \u00e0 Namur pour remercier la Fondation Chopin de son soutien et offrir aux membres du Cercle de Wallonie un moment musicalement magique.<\/em><\/strong><\/p>\n<p style=\"text-align: center;\"><img loading=\"lazy\" class=\"size-medium wp-image-2452 aligncenter\" src=\"https:\/\/www.fondationchopin.org\/wp-content\/uploads\/2024\/03\/webYG231207-0196-300x201.jpg\" alt=\"\" width=\"300\" height=\"201\" srcset=\"https:\/\/www.fondationchopin.org\/wp-content\/uploads\/2024\/03\/webYG231207-0196-300x201.jpg 300w, https:\/\/www.fondationchopin.org\/wp-content\/uploads\/2024\/03\/webYG231207-0196.jpg 640w\" sizes=\"(max-width: 300px) 100vw, 300px\" \/><\/p>\n<p style=\"text-align: center;\"><img loading=\"lazy\" class=\"size-medium wp-image-2453 aligncenter\" src=\"https:\/\/www.fondationchopin.org\/wp-content\/uploads\/2024\/03\/webYG231207-0121-300x201.jpg\" alt=\"\" width=\"300\" height=\"201\" srcset=\"https:\/\/www.fondationchopin.org\/wp-content\/uploads\/2024\/03\/webYG231207-0121-300x201.jpg 300w, https:\/\/www.fondationchopin.org\/wp-content\/uploads\/2024\/03\/webYG231207-0121.jpg 640w\" sizes=\"(max-width: 300px) 100vw, 300px\" \/><\/p>\n<p style=\"text-align: center;\"><img loading=\"lazy\" class=\"size-medium wp-image-2454 aligncenter\" src=\"https:\/\/www.fondationchopin.org\/wp-content\/uploads\/2024\/03\/webYG231207-0123-300x201.jpg\" alt=\"\" width=\"300\" height=\"201\" srcset=\"https:\/\/www.fondationchopin.org\/wp-content\/uploads\/2024\/03\/webYG231207-0123-300x201.jpg 300w, https:\/\/www.fondationchopin.org\/wp-content\/uploads\/2024\/03\/webYG231207-0123.jpg 640w\" sizes=\"(max-width: 300px) 100vw, 300px\" \/><\/p>\n<p style=\"text-align: center;\"><img loading=\"lazy\" class=\"size-medium wp-image-2455 aligncenter\" src=\"https:\/\/www.fondationchopin.org\/wp-content\/uploads\/2024\/03\/webYG231207-0356-300x201.jpg\" alt=\"\" width=\"300\" height=\"201\" srcset=\"https:\/\/www.fondationchopin.org\/wp-content\/uploads\/2024\/03\/webYG231207-0356-300x201.jpg 300w, https:\/\/www.fondationchopin.org\/wp-content\/uploads\/2024\/03\/webYG231207-0356.jpg 640w\" sizes=\"(max-width: 300px) 100vw, 300px\" \/><\/p>\n<p style=\"text-align: center;\"><img loading=\"lazy\" class=\"size-medium wp-image-2456 aligncenter\" src=\"https:\/\/www.fondationchopin.org\/wp-content\/uploads\/2024\/03\/webYG231207-0340-300x201.jpg\" alt=\"\" width=\"300\" height=\"201\" srcset=\"https:\/\/www.fondationchopin.org\/wp-content\/uploads\/2024\/03\/webYG231207-0340-300x201.jpg 300w, https:\/\/www.fondationchopin.org\/wp-content\/uploads\/2024\/03\/webYG231207-0340.jpg 640w\" sizes=\"(max-width: 300px) 100vw, 300px\" \/><\/p>\n<p style=\"text-align: center;\"><img loading=\"lazy\" class=\"size-medium wp-image-2457 aligncenter\" src=\"https:\/\/www.fondationchopin.org\/wp-content\/uploads\/2024\/03\/webYG231207-0108-300x201.jpg\" alt=\"\" width=\"300\" height=\"201\" srcset=\"https:\/\/www.fondationchopin.org\/wp-content\/uploads\/2024\/03\/webYG231207-0108-300x201.jpg 300w, https:\/\/www.fondationchopin.org\/wp-content\/uploads\/2024\/03\/webYG231207-0108.jpg 640w\" sizes=\"(max-width: 300px) 100vw, 300px\" \/><\/p>\n","protected":false},"excerpt":{"rendered":"<p>La Fondation Stichting Chopin a eu l\u2019immense joie d\u2019\u00eatre invit\u00e9e par Monsieur Amid Faljaoui et Monsieur Jonas Benazzi lors du D\u00eener de Gala de No\u00ebl du Cercle de Wallonie, le 7 d\u00e9cembre 2023. La Pr\u00e9sidente Fondatrice Chantal Lobert et la Vice- Pr\u00e9sidente Jos\u00e9e Deriu, Charg\u00e9e de Relations du Cercle de Wallonie, ont pr\u00e9sent\u00e9 un jeune &hellip; <a class=\"next\" href=\"https:\/\/www.fondationchopin.org\/pl\/index.php\/diner-de-gala-cercle-de-wallonie-7-decembre-2023\/\">Lire la suite<\/a><\/p>\n","protected":false},"author":8,"featured_media":0,"comment_status":"open","ping_status":"open","sticky":false,"template":"","format":"standard","meta":[],"categories":[5],"tags":[],"_links":{"self":[{"href":"https:\/\/www.fondationchopin.org\/pl\/index.php\/wp-json\/wp\/v2\/posts\/2444"}],"collection":[{"href":"https:\/\/www.fondationchopin.org\/pl\/index.php\/wp-json\/wp\/v2\/posts"}],"about":[{"href":"https:\/\/www.fondationchopin.org\/pl\/index.php\/wp-json\/wp\/v2\/types\/post"}],"author":[{"embeddable":true,"href":"https:\/\/www.fondationchopin.org\/pl\/index.php\/wp-json\/wp\/v2\/users\/8"}],"replies":[{"embeddable":true,"href":"https:\/\/www.fondationchopin.org\/pl\/index.php\/wp-json\/wp\/v2\/comments?post=2444"}],"version-history":[{"count":9,"href":"https:\/\/www.fondationchopin.org\/pl\/index.php\/wp-json\/wp\/v2\/posts\/2444\/revisions"}],"predecessor-version":[{"id":2642,"href":"https:\/\/www.fondationchopin.org\/pl\/index.php\/wp-json\/wp\/v2\/posts\/2444\/revisions\/2642"}],"wp:attachment":[{"href":"https:\/\/www.fondationchopin.org\/pl\/index.php\/wp-json\/wp\/v2\/media?parent=2444"}],"wp:term":[{"taxonomy":"category","embeddable":true,"href":"https:\/\/www.fondationchopin.org\/pl\/index.php\/wp-json\/wp\/v2\/categories?post=2444"},{"taxonomy":"post_tag","embeddable":true,"href":"https:\/\/www.fondationchopin.org\/pl\/index.php\/wp-json\/wp\/v2\/tags?post=2444"}],"curies":[{"name":"wp","href":"https:\/\/api.w.org\/{rel}","templated":true}]}}