{"id":247,"date":"2012-01-31T13:14:02","date_gmt":"2012-01-31T13:14:02","guid":{"rendered":"http:\/\/127.0.0.1\/Chopin\/?p=247"},"modified":"2012-11-23T11:21:01","modified_gmt":"2012-11-23T11:21:01","slug":"15-decembre-2011-concert-maitre-jean-claude-vanden-eynden-veronique-bogaerts-salle-gothique-de-lhotel-de-ville-de-bruxelles","status":"publish","type":"post","link":"https:\/\/www.fondationchopin.org\/pl\/index.php\/15-decembre-2011-concert-maitre-jean-claude-vanden-eynden-veronique-bogaerts-salle-gothique-de-lhotel-de-ville-de-bruxelles\/","title":{"rendered":"15 d\u00e9cembre 2011 &#8211; Concert de No\u00ebl &#8211; Ma\u00eetre Jean-Claude Vanden Eynden, V\u00e9ronique Bogaerts &#8211; Salle gothique de l&#8217;H\u00f4tel de Ville de Bruxelles"},"content":{"rendered":"<p>Nous avons eu l\u2019honneur de vous recevoir au concert de No\u00ebl qu&#8217;organisait par notre Fondation, le jeudi 15 d\u00e9cembre 2011 \u00e0 19H30, dans le prestigieux cadre de l\u2019h\u00f4tel de Ville de la Grand Place de Bruxelles.<\/p>\n<p>Ce concert de No\u00ebl \u00e9tait exceptionnel car interpr\u00e9t\u00e9 par quatre musiciens li\u00e9s par une tendre affection familiale. Ils ont recherch\u00e9 dans le r\u00e9pertoire des oeuvres \u00e9mouvantes qui nous conduisait au partage d\u2019un moment unique. V\u00e9ronique Bogaerts et Jean-Claude Vanden Eynden, deux laur\u00e9ats du concours musical international Reine Elisabeth forment probablement le couple belge de musiciens le plus complice et plus attachant. Sarah Dupriez, la fille de V\u00e9ronique Bogaerts et Vincent Hepp, jeune couple passionn\u00e9, sont \u00e0 l\u2019aube de leur carri\u00e8re musicale.<\/p>\n<p>Entre l\u2019amour et la musique, l\u2019interaction semble une \u00e9vidence : la p\u00e9riode festive, la fascinante Grand Place illumin\u00e9e et d\u00e9cor\u00e9e de son sapin, sa cr\u00e8che vivante, son riche march\u00e9, c\u2019est \u00e7a la magie de No\u00ebl !<\/p>\n<p>Programme :<\/p>\n<p>&#8211; Scherzo de la Sonate en sol mineur de F. Chopin<\/p>\n<p>&#8211; Liebesleid de F. Kreisler<\/p>\n<p>&#8211; Liebesfreude de F. Kreisler<\/p>\n<p>&#8211; Cadenza de Ch. Penderecki<\/p>\n<p>&#8211; 3\u00e8me et 4\u00e8me mouvements du 1er quatuor de J. Brahms<\/p>\n<p>Le concert \u00e9tait suivi d\u2019un cocktail au champagne.<\/p>\n<p>&nbsp;<\/p>\n","protected":false},"excerpt":{"rendered":"<p>Nous avons eu l\u2019honneur de vous recevoir au concert de No\u00ebl qu&#8217;organisait par notre Fondation, le jeudi 15 d\u00e9cembre 2011 \u00e0 19H30, dans le prestigieux cadre de l\u2019h\u00f4tel de Ville de la Grand Place de Bruxelles. Ce concert de No\u00ebl \u00e9tait exceptionnel car interpr\u00e9t\u00e9 par quatre musiciens li\u00e9s par une tendre affection familiale. Ils ont &hellip; <a class=\"next\" href=\"https:\/\/www.fondationchopin.org\/pl\/index.php\/15-decembre-2011-concert-maitre-jean-claude-vanden-eynden-veronique-bogaerts-salle-gothique-de-lhotel-de-ville-de-bruxelles\/\">Lire la suite<\/a><\/p>\n","protected":false},"author":8,"featured_media":0,"comment_status":"open","ping_status":"open","sticky":false,"template":"","format":"standard","meta":[],"categories":[5],"tags":[],"_links":{"self":[{"href":"https:\/\/www.fondationchopin.org\/pl\/index.php\/wp-json\/wp\/v2\/posts\/247"}],"collection":[{"href":"https:\/\/www.fondationchopin.org\/pl\/index.php\/wp-json\/wp\/v2\/posts"}],"about":[{"href":"https:\/\/www.fondationchopin.org\/pl\/index.php\/wp-json\/wp\/v2\/types\/post"}],"author":[{"embeddable":true,"href":"https:\/\/www.fondationchopin.org\/pl\/index.php\/wp-json\/wp\/v2\/users\/8"}],"replies":[{"embeddable":true,"href":"https:\/\/www.fondationchopin.org\/pl\/index.php\/wp-json\/wp\/v2\/comments?post=247"}],"version-history":[{"count":5,"href":"https:\/\/www.fondationchopin.org\/pl\/index.php\/wp-json\/wp\/v2\/posts\/247\/revisions"}],"predecessor-version":[{"id":493,"href":"https:\/\/www.fondationchopin.org\/pl\/index.php\/wp-json\/wp\/v2\/posts\/247\/revisions\/493"}],"wp:attachment":[{"href":"https:\/\/www.fondationchopin.org\/pl\/index.php\/wp-json\/wp\/v2\/media?parent=247"}],"wp:term":[{"taxonomy":"category","embeddable":true,"href":"https:\/\/www.fondationchopin.org\/pl\/index.php\/wp-json\/wp\/v2\/categories?post=247"},{"taxonomy":"post_tag","embeddable":true,"href":"https:\/\/www.fondationchopin.org\/pl\/index.php\/wp-json\/wp\/v2\/tags?post=247"}],"curies":[{"name":"wp","href":"https:\/\/api.w.org\/{rel}","templated":true}]}}