{"id":2616,"date":"2024-10-07T12:43:14","date_gmt":"2024-10-07T12:43:14","guid":{"rendered":"https:\/\/www.fondationchopin.org\/?p=2616"},"modified":"2024-10-07T12:49:38","modified_gmt":"2024-10-07T12:49:38","slug":"remise-de-decorations","status":"publish","type":"post","link":"https:\/\/www.fondationchopin.org\/pl\/index.php\/remise-de-decorations\/","title":{"rendered":"Wr\u0119czenie odznacze\u0144"},"content":{"rendered":"<h4>28 WRZE\u015aNIA 2024 ROKU PODCZAS KONCERTU GALOWEGO FUNDACJI STICHTING CHOPIN<\/h4>\n<p>Pani Wiceprezes Jos\u00e9e Deriu i Pan Administrator Baudouin Theunissen zostali odznaczeni Medalem \u201eORDER ZAS\u0141UGI KULTURALNEJ\u201d przez Ministra Kultury Rzeczypospolitej Polskiej za wk\u0142ad w rozw\u00f3j Fundacji Stichting Stiftung Chopin.<\/p>\n<p>Honorowy Prezes Fundacji Stichting Stiftung Chopin, Kawaler Jean-Claude Vanden Eynden, zosta\u0142 odznaczony Medalem \u201eORDER ZAS\u0141UGI KULTURALNEJ\u201d przez Ministra Kultury Rzeczypospolitej Polskiej za wyj\u0105tkowy wk\u0142ad i wsparcie m\u0142odych talent\u00f3w muzycznych.<\/p>\n<p>Honorowy Konsul Pan Jean-Charles Wibo zosta\u0142 odznaczony Odznak\u0105 \u201eBENE MERITO\u201d przez Ministra Spraw Zagranicznych za wk\u0142ad w umacnianie stosunk\u00f3w gospodarczych polsko-belgijskich w Belgii.<\/p>\n<p>Pani Prezes Za\u0142o\u017cycielka Chantal Lobert zosta\u0142a odznaczona \u201eZ\u0141OTYM KRZY\u017bEM ZAS\u0141UGI\u201d przez Prezydenta Rzeczypospolitej Polskiej za wyj\u0105tkowe zaanga\u017cowanie w promocj\u0119 kultury polskiej poprzez dzia\u0142alno\u015b\u0107 w Fundacji Stichting Stiftung Chopin.<\/p>\n","protected":false},"excerpt":{"rendered":"<p>28 WRZE\u015aNIA 2024 ROKU PODCZAS KONCERTU GALOWEGO FUNDACJI STICHTING CHOPIN Pani Wiceprezes Jos\u00e9e Deriu i Pan Administrator Baudouin Theunissen zostali odznaczeni Medalem \u201eORDER ZAS\u0141UGI KULTURALNEJ\u201d przez Ministra Kultury Rzeczypospolitej Polskiej za wk\u0142ad w rozw\u00f3j Fundacji Stichting Stiftung Chopin. Honorowy Prezes Fundacji Stichting Stiftung Chopin, Kawaler Jean-Claude Vanden Eynden, zosta\u0142 odznaczony Medalem \u201eORDER ZAS\u0141UGI KULTURALNEJ\u201d przez &hellip; <a class=\"next\" href=\"https:\/\/www.fondationchopin.org\/pl\/index.php\/remise-de-decorations\/\">Lire la suite<\/a><\/p>\n","protected":false},"author":8,"featured_media":0,"comment_status":"open","ping_status":"open","sticky":false,"template":"","format":"standard","meta":[],"categories":[4],"tags":[],"_links":{"self":[{"href":"https:\/\/www.fondationchopin.org\/pl\/index.php\/wp-json\/wp\/v2\/posts\/2616"}],"collection":[{"href":"https:\/\/www.fondationchopin.org\/pl\/index.php\/wp-json\/wp\/v2\/posts"}],"about":[{"href":"https:\/\/www.fondationchopin.org\/pl\/index.php\/wp-json\/wp\/v2\/types\/post"}],"author":[{"embeddable":true,"href":"https:\/\/www.fondationchopin.org\/pl\/index.php\/wp-json\/wp\/v2\/users\/8"}],"replies":[{"embeddable":true,"href":"https:\/\/www.fondationchopin.org\/pl\/index.php\/wp-json\/wp\/v2\/comments?post=2616"}],"version-history":[{"count":9,"href":"https:\/\/www.fondationchopin.org\/pl\/index.php\/wp-json\/wp\/v2\/posts\/2616\/revisions"}],"predecessor-version":[{"id":2627,"href":"https:\/\/www.fondationchopin.org\/pl\/index.php\/wp-json\/wp\/v2\/posts\/2616\/revisions\/2627"}],"wp:attachment":[{"href":"https:\/\/www.fondationchopin.org\/pl\/index.php\/wp-json\/wp\/v2\/media?parent=2616"}],"wp:term":[{"taxonomy":"category","embeddable":true,"href":"https:\/\/www.fondationchopin.org\/pl\/index.php\/wp-json\/wp\/v2\/categories?post=2616"},{"taxonomy":"post_tag","embeddable":true,"href":"https:\/\/www.fondationchopin.org\/pl\/index.php\/wp-json\/wp\/v2\/tags?post=2616"}],"curies":[{"name":"wp","href":"https:\/\/api.w.org\/{rel}","templated":true}]}}