{"id":2820,"date":"2026-01-20T15:29:15","date_gmt":"2026-01-20T15:29:15","guid":{"rendered":"https:\/\/www.fondationchopin.org\/?p=2820"},"modified":"2026-01-20T15:30:26","modified_gmt":"2026-01-20T15:30:26","slug":"le-6-decembre-2025-lors-du-concert-de-gala-de-la-fondation-stichting-chopin","status":"publish","type":"post","link":"https:\/\/www.fondationchopin.org\/pl\/index.php\/le-6-decembre-2025-lors-du-concert-de-gala-de-la-fondation-stichting-chopin\/","title":{"rendered":"6 grudnia 2025 r., podczas koncertu galowego Fundacji Stichting Chopin"},"content":{"rendered":"<p>Szefowa Misji Dyplomatycznej Republiki Polski przy Kr\u00f3lestwie Belgii, Pani Sikorska, wr\u0119czy\u0142a Order Zas\u0142ugi dla Kultury, przyznany przez Ministra Kultury Republiki Polski, naszemu skarbnikowi i wsp\u00f3\u0142za\u0142o\u017cycielowi Fundacji Prywatnej, Panu Philippe\u2019owi Delaunois.<\/p>\n<p>Rada Administracyjna Fundacji Chopin sk\u0142ada wyrazy najg\u0142\u0119bszej wdzi\u0119czno\u015bci za zaanga\u017cowanie oraz pomoc okazan\u0105 na rzecz jej rozwoju.<\/p>\n","protected":false},"excerpt":{"rendered":"<p>Szefowa Misji Dyplomatycznej Republiki Polski przy Kr\u00f3lestwie Belgii, Pani Sikorska, wr\u0119czy\u0142a Order Zas\u0142ugi dla Kultury, przyznany przez Ministra Kultury Republiki Polski, naszemu skarbnikowi i wsp\u00f3\u0142za\u0142o\u017cycielowi Fundacji Prywatnej, Panu Philippe\u2019owi Delaunois. Rada Administracyjna Fundacji Chopin sk\u0142ada wyrazy najg\u0142\u0119bszej wdzi\u0119czno\u015bci za zaanga\u017cowanie oraz pomoc okazan\u0105 na rzecz jej rozwoju.<\/p>\n","protected":false},"author":8,"featured_media":0,"comment_status":"open","ping_status":"open","sticky":false,"template":"","format":"standard","meta":[],"categories":[4],"tags":[],"_links":{"self":[{"href":"https:\/\/www.fondationchopin.org\/pl\/index.php\/wp-json\/wp\/v2\/posts\/2820"}],"collection":[{"href":"https:\/\/www.fondationchopin.org\/pl\/index.php\/wp-json\/wp\/v2\/posts"}],"about":[{"href":"https:\/\/www.fondationchopin.org\/pl\/index.php\/wp-json\/wp\/v2\/types\/post"}],"author":[{"embeddable":true,"href":"https:\/\/www.fondationchopin.org\/pl\/index.php\/wp-json\/wp\/v2\/users\/8"}],"replies":[{"embeddable":true,"href":"https:\/\/www.fondationchopin.org\/pl\/index.php\/wp-json\/wp\/v2\/comments?post=2820"}],"version-history":[{"count":3,"href":"https:\/\/www.fondationchopin.org\/pl\/index.php\/wp-json\/wp\/v2\/posts\/2820\/revisions"}],"predecessor-version":[{"id":2822,"href":"https:\/\/www.fondationchopin.org\/pl\/index.php\/wp-json\/wp\/v2\/posts\/2820\/revisions\/2822"}],"wp:attachment":[{"href":"https:\/\/www.fondationchopin.org\/pl\/index.php\/wp-json\/wp\/v2\/media?parent=2820"}],"wp:term":[{"taxonomy":"category","embeddable":true,"href":"https:\/\/www.fondationchopin.org\/pl\/index.php\/wp-json\/wp\/v2\/categories?post=2820"},{"taxonomy":"post_tag","embeddable":true,"href":"https:\/\/www.fondationchopin.org\/pl\/index.php\/wp-json\/wp\/v2\/tags?post=2820"}],"curies":[{"name":"wp","href":"https:\/\/api.w.org\/{rel}","templated":true}]}}