{"id":876,"date":"2013-07-04T09:22:44","date_gmt":"2013-07-04T09:22:44","guid":{"rendered":"http:\/\/www.fondationchopin.org\/?p=876"},"modified":"2026-04-03T14:34:10","modified_gmt":"2026-04-03T14:34:10","slug":"deces-au-mois-de-juillet-2013-de-notre-co-fondateur-le-prince-michel-sapieha","status":"publish","type":"post","link":"https:\/\/www.fondationchopin.org\/pl\/index.php\/deces-au-mois-de-juillet-2013-de-notre-co-fondateur-le-prince-michel-sapieha\/","title":{"rendered":"D\u00e9c\u00e8s au mois de juillet 2013, de notre Co-Fondateur le prince Michel Sapieha"},"content":{"rendered":"<p>Nous avons le profond regret de vous annoncer le d\u00e9c\u00e8s au mois de juillet 2013, de notre Co-Fondateur le prince Michel Sapieha, qui a \u0153uvr\u00e9 avec d\u00e9vouement et g\u00e9n\u00e9rosit\u00e9 au \u00a0d\u00e9veloppement des activit\u00e9s la Fondation Chopin.<\/p>\n<p><img loading=\"lazy\" class=\"size-full wp-image-877 alignnone\" src=\"http:\/\/www.fondationchopin.org\/wp-content\/uploads\/2013\/12\/Prince.jpg\" alt=\"Prince\" width=\"339\" height=\"314\" srcset=\"https:\/\/www.fondationchopin.org\/wp-content\/uploads\/2013\/12\/Prince.jpg 339w, https:\/\/www.fondationchopin.org\/wp-content\/uploads\/2013\/12\/Prince-300x277.jpg 300w\" sizes=\"(max-width: 339px) 100vw, 339px\" \/><\/p>\n<p>Il restera toujours pr\u00e9sent dans nos c\u0153urs.<\/p>\n<p>Les amis et le conseil d\u2019administration de la Fondation Chopin.<\/p>\n","protected":false},"excerpt":{"rendered":"<p>Nous avons le profond regret de vous annoncer le d\u00e9c\u00e8s au mois de juillet 2013, de notre Co-Fondateur le prince Michel Sapieha, qui a \u0153uvr\u00e9 avec d\u00e9vouement et g\u00e9n\u00e9rosit\u00e9 au \u00a0d\u00e9veloppement des activit\u00e9s la Fondation Chopin. Il restera toujours pr\u00e9sent dans nos c\u0153urs. Les amis et le conseil d\u2019administration de la Fondation Chopin.<\/p>\n","protected":false},"author":8,"featured_media":0,"comment_status":"open","ping_status":"open","sticky":false,"template":"","format":"standard","meta":[],"categories":[31],"tags":[],"_links":{"self":[{"href":"https:\/\/www.fondationchopin.org\/pl\/index.php\/wp-json\/wp\/v2\/posts\/876"}],"collection":[{"href":"https:\/\/www.fondationchopin.org\/pl\/index.php\/wp-json\/wp\/v2\/posts"}],"about":[{"href":"https:\/\/www.fondationchopin.org\/pl\/index.php\/wp-json\/wp\/v2\/types\/post"}],"author":[{"embeddable":true,"href":"https:\/\/www.fondationchopin.org\/pl\/index.php\/wp-json\/wp\/v2\/users\/8"}],"replies":[{"embeddable":true,"href":"https:\/\/www.fondationchopin.org\/pl\/index.php\/wp-json\/wp\/v2\/comments?post=876"}],"version-history":[{"count":5,"href":"https:\/\/www.fondationchopin.org\/pl\/index.php\/wp-json\/wp\/v2\/posts\/876\/revisions"}],"predecessor-version":[{"id":879,"href":"https:\/\/www.fondationchopin.org\/pl\/index.php\/wp-json\/wp\/v2\/posts\/876\/revisions\/879"}],"wp:attachment":[{"href":"https:\/\/www.fondationchopin.org\/pl\/index.php\/wp-json\/wp\/v2\/media?parent=876"}],"wp:term":[{"taxonomy":"category","embeddable":true,"href":"https:\/\/www.fondationchopin.org\/pl\/index.php\/wp-json\/wp\/v2\/categories?post=876"},{"taxonomy":"post_tag","embeddable":true,"href":"https:\/\/www.fondationchopin.org\/pl\/index.php\/wp-json\/wp\/v2\/tags?post=876"}],"curies":[{"name":"wp","href":"https:\/\/api.w.org\/{rel}","templated":true}]}}